{"id":1016,"date":"2019-01-15T16:15:53","date_gmt":"2019-01-15T16:15:53","guid":{"rendered":"http:\/\/www.spky.fi\/wopr\/?p=1016"},"modified":"2022-05-08T13:28:46","modified_gmt":"2022-05-08T13:28:46","slug":"tuomaripaiva-kilpailusaantopaiva-kesakuussa-2019-loviisassa","status":"publish","type":"post","link":"https:\/\/www.spky.fi\/wopr\/tuomaripaiva-kilpailusaantopaiva-kesakuussa-2019-loviisassa\/","title":{"rendered":"Tuomarip\u00e4iv\u00e4\/ kilpailus\u00e4\u00e4nt\u00f6p\u00e4iv\u00e4 kes\u00e4kuussa 2019 Loviisassa"},"content":{"rendered":"\n<p>Tunnettu Pohjois-Irlantilainen tuomari, kisaaja ja paimenkoirakasvattaja Allistair Lyttle tulee pit\u00e4m\u00e4\u00e4n Suomeen keskiviikkona 26.6.2019 koulutusp\u00e4iv\u00e4n keskittyen paimennuskilpailujen tuomarointiin ja kilpailus\u00e4\u00e4nt\u00f6ihin. Paikkana on Samuli N\u00e4rin lammastila R\u00f6nn\u00e4siss\u00e4 Loviisassa, osoite Dalsvikintie 22, josta opasteet.<br \/><br \/> P\u00e4iv\u00e4n aikana k\u00e4yd\u00e4\u00e4n l\u00e4pi kilpailujen tuomarointia, s\u00e4\u00e4nt\u00f6j\u00e4 ja yleisesti kilpailuetiketti\u00e4 paimennuskisoissa.  P\u00e4iv\u00e4 on avoin tuomareille, tuomarikokelaille ja kaikille tuomaroinnista ja kilpailuista kiinnostuneille SPKY:n j\u00e4senille. <br \/><br \/>P\u00e4iv\u00e4n hinta on 30 \u20ac, sis\u00e4lt\u00e4\u00e4 lounaan ja kahvin. Koulutus on englanniksi, ei tulkkausta.  Yksityiskohdat p\u00e4iv\u00e4n aikataulusta tarkentuvat my\u00f6hemmin.<br \/><br \/> Lis\u00e4tietoja p\u00e4iv\u00e4st\u00e4 Anja Lehti\u00f6 040-5337969 .<br \/>Ilmoittautumiset 16.6.2019 menness\u00e4 Helena Pesoselle helemapesonen@gmail.com tai 040-7602735<\/p>\n","protected":false},"excerpt":{"rendered":"<p>Tunnettu Pohjois-Irlantilainen tuomari, kisaaja ja paimenkoirakasvattaja Allistair Lyttle tulee pit\u00e4m\u00e4\u00e4n Suomeen keskiviikkona 26.6.2019 koulutusp\u00e4iv\u00e4n keskittyen paimennuskilpailujen tuomarointiin ja kilpailus\u00e4\u00e4nt\u00f6ihin. Paikkana on Samuli N\u00e4rin lammastila R\u00f6nn\u00e4siss\u00e4 Loviisassa, osoite Dalsvikintie 22, josta opasteet. P\u00e4iv\u00e4n aikana k\u00e4yd\u00e4\u00e4n l\u00e4pi kilpailujen tuomarointia, s\u00e4\u00e4nt\u00f6j\u00e4 ja yleisesti kilpailuetiketti\u00e4 paimennuskisoissa. P\u00e4iv\u00e4 on avoin tuomareille, tuomarikokelaille ja kaikille tuomaroinnista ja kilpailuista kiinnostuneille SPKY:n j\u00e4senille. &hellip; <a href=\"https:\/\/www.spky.fi\/wopr\/tuomaripaiva-kilpailusaantopaiva-kesakuussa-2019-loviisassa\/\" class=\"more-link\">Jatka lukemista <span class=\"screen-reader-text\">Tuomarip\u00e4iv\u00e4\/ kilpailus\u00e4\u00e4nt\u00f6p\u00e4iv\u00e4 kes\u00e4kuussa 2019 Loviisassa<\/span> <span class=\"meta-nav\">&rarr;<\/span><\/a><\/p>\n","protected":false},"author":2,"featured_media":0,"comment_status":"closed","ping_status":"closed","sticky":false,"template":"","format":"standard","meta":{"jetpack_post_was_ever_published":false,"_jetpack_newsletter_access":"","_jetpack_dont_email_post_to_subs":false,"_jetpack_newsletter_tier_id":0,"_jetpack_memberships_contains_paywalled_content":false,"_jetpack_memberships_contains_paid_content":false,"footnotes":"","jetpack_publicize_message":"","jetpack_publicize_feature_enabled":true,"jetpack_social_post_already_shared":false,"jetpack_social_options":{"image_generator_settings":{"template":"highway","default_image_id":0,"font":"","enabled":false},"version":2}},"categories":[1],"tags":[],"class_list":["post-1016","post","type-post","status-publish","format-standard","hentry","category-uncategorized"],"yoast_head":"<!-- This site is optimized with the Yoast SEO plugin v27.5 - https:\/\/yoast.com\/product\/yoast-seo-wordpress\/ -->\n<title>Tuomarip\u00e4iv\u00e4\/ kilpailus\u00e4\u00e4nt\u00f6p\u00e4iv\u00e4 kes\u00e4kuussa 2019 Loviisassa - Suomen Paimenkoirayhdistys ry<\/title>\n<meta name=\"robots\" content=\"index, follow, max-snippet:-1, max-image-preview:large, max-video-preview:-1\" \/>\n<link rel=\"canonical\" href=\"https:\/\/www.spky.fi\/wopr\/tuomaripaiva-kilpailusaantopaiva-kesakuussa-2019-loviisassa\/\" \/>\n<meta property=\"og:locale\" content=\"fi_FI\" \/>\n<meta property=\"og:type\" content=\"article\" \/>\n<meta property=\"og:title\" content=\"Tuomarip\u00e4iv\u00e4\/ kilpailus\u00e4\u00e4nt\u00f6p\u00e4iv\u00e4 kes\u00e4kuussa 2019 Loviisassa - Suomen Paimenkoirayhdistys ry\" \/>\n<meta property=\"og:description\" content=\"Tunnettu Pohjois-Irlantilainen tuomari, kisaaja ja paimenkoirakasvattaja Allistair Lyttle tulee pit\u00e4m\u00e4\u00e4n Suomeen keskiviikkona 26.6.2019 koulutusp\u00e4iv\u00e4n keskittyen paimennuskilpailujen tuomarointiin ja kilpailus\u00e4\u00e4nt\u00f6ihin. Paikkana on Samuli N\u00e4rin lammastila R\u00f6nn\u00e4siss\u00e4 Loviisassa, osoite Dalsvikintie 22, josta opasteet. P\u00e4iv\u00e4n aikana k\u00e4yd\u00e4\u00e4n l\u00e4pi kilpailujen tuomarointia, s\u00e4\u00e4nt\u00f6j\u00e4 ja yleisesti kilpailuetiketti\u00e4 paimennuskisoissa. P\u00e4iv\u00e4 on avoin tuomareille, tuomarikokelaille ja kaikille tuomaroinnista ja kilpailuista kiinnostuneille SPKY:n j\u00e4senille. &hellip; Jatka lukemista Tuomarip\u00e4iv\u00e4\/ kilpailus\u00e4\u00e4nt\u00f6p\u00e4iv\u00e4 kes\u00e4kuussa 2019 Loviisassa &rarr;\" \/>\n<meta property=\"og:url\" content=\"https:\/\/www.spky.fi\/wopr\/tuomaripaiva-kilpailusaantopaiva-kesakuussa-2019-loviisassa\/\" \/>\n<meta property=\"og:site_name\" content=\"Suomen Paimenkoirayhdistys ry\" \/>\n<meta property=\"article:publisher\" content=\"https:\/\/www.facebook.com\/SuomenPaimenkoirayhdistys\" \/>\n<meta property=\"article:published_time\" content=\"2019-01-15T16:15:53+00:00\" \/>\n<meta property=\"article:modified_time\" content=\"2022-05-08T13:28:46+00:00\" \/>\n<meta name=\"author\" content=\"Maarit Ky\u00f6stil\u00e4\" \/>\n<meta name=\"twitter:card\" content=\"summary_large_image\" \/>\n<meta name=\"twitter:label1\" content=\"Kirjoittanut\" \/>\n\t<meta name=\"twitter:data1\" content=\"Maarit Ky\u00f6stil\u00e4\" \/>\n\t<meta name=\"twitter:label2\" content=\"Arvioitu lukuaika\" \/>\n\t<meta name=\"twitter:data2\" content=\"1 minuutti\" \/>\n<script type=\"application\/ld+json\" class=\"yoast-schema-graph\">{\"@context\":\"https:\\\/\\\/schema.org\",\"@graph\":[{\"@type\":\"Article\",\"@id\":\"https:\\\/\\\/www.spky.fi\\\/wopr\\\/tuomaripaiva-kilpailusaantopaiva-kesakuussa-2019-loviisassa\\\/#article\",\"isPartOf\":{\"@id\":\"https:\\\/\\\/www.spky.fi\\\/wopr\\\/tuomaripaiva-kilpailusaantopaiva-kesakuussa-2019-loviisassa\\\/\"},\"author\":{\"name\":\"Maarit Ky\u00f6stil\u00e4\",\"@id\":\"https:\\\/\\\/www.spky.fi\\\/wopr\\\/#\\\/schema\\\/person\\\/d0b626688c21187b8422cadfb94df844\"},\"headline\":\"Tuomarip\u00e4iv\u00e4\\\/ kilpailus\u00e4\u00e4nt\u00f6p\u00e4iv\u00e4 kes\u00e4kuussa 2019 Loviisassa\",\"datePublished\":\"2019-01-15T16:15:53+00:00\",\"dateModified\":\"2022-05-08T13:28:46+00:00\",\"mainEntityOfPage\":{\"@id\":\"https:\\\/\\\/www.spky.fi\\\/wopr\\\/tuomaripaiva-kilpailusaantopaiva-kesakuussa-2019-loviisassa\\\/\"},\"wordCount\":121,\"publisher\":{\"@id\":\"https:\\\/\\\/www.spky.fi\\\/wopr\\\/#organization\"},\"articleSection\":[\"Uncategorized\"],\"inLanguage\":\"fi\"},{\"@type\":\"WebPage\",\"@id\":\"https:\\\/\\\/www.spky.fi\\\/wopr\\\/tuomaripaiva-kilpailusaantopaiva-kesakuussa-2019-loviisassa\\\/\",\"url\":\"https:\\\/\\\/www.spky.fi\\\/wopr\\\/tuomaripaiva-kilpailusaantopaiva-kesakuussa-2019-loviisassa\\\/\",\"name\":\"Tuomarip\u00e4iv\u00e4\\\/ kilpailus\u00e4\u00e4nt\u00f6p\u00e4iv\u00e4 kes\u00e4kuussa 2019 Loviisassa - Suomen Paimenkoirayhdistys ry\",\"isPartOf\":{\"@id\":\"https:\\\/\\\/www.spky.fi\\\/wopr\\\/#website\"},\"datePublished\":\"2019-01-15T16:15:53+00:00\",\"dateModified\":\"2022-05-08T13:28:46+00:00\",\"breadcrumb\":{\"@id\":\"https:\\\/\\\/www.spky.fi\\\/wopr\\\/tuomaripaiva-kilpailusaantopaiva-kesakuussa-2019-loviisassa\\\/#breadcrumb\"},\"inLanguage\":\"fi\",\"potentialAction\":[{\"@type\":\"ReadAction\",\"target\":[\"https:\\\/\\\/www.spky.fi\\\/wopr\\\/tuomaripaiva-kilpailusaantopaiva-kesakuussa-2019-loviisassa\\\/\"]}]},{\"@type\":\"BreadcrumbList\",\"@id\":\"https:\\\/\\\/www.spky.fi\\\/wopr\\\/tuomaripaiva-kilpailusaantopaiva-kesakuussa-2019-loviisassa\\\/#breadcrumb\",\"itemListElement\":[{\"@type\":\"ListItem\",\"position\":1,\"name\":\"Etusivu\",\"item\":\"https:\\\/\\\/www.spky.fi\\\/wopr\\\/\"},{\"@type\":\"ListItem\",\"position\":2,\"name\":\"Tuomarip\u00e4iv\u00e4\\\/ kilpailus\u00e4\u00e4nt\u00f6p\u00e4iv\u00e4 kes\u00e4kuussa 2019 Loviisassa\"}]},{\"@type\":\"WebSite\",\"@id\":\"https:\\\/\\\/www.spky.fi\\\/wopr\\\/#website\",\"url\":\"https:\\\/\\\/www.spky.fi\\\/wopr\\\/\",\"name\":\"Suomen Paimenkoirayhdistys ry\",\"description\":\"Suomen Paimenkoirayhdistys edist&auml;&auml; paimenkoirien ty&ouml;k&auml;ytt&ouml;&auml;. Yhdistys auttaa paimenkoirakurssien, harjoitusten, kilpailujen ja n&auml;yt&ouml;sten j&auml;rjest&auml;misess&auml;.\",\"publisher\":{\"@id\":\"https:\\\/\\\/www.spky.fi\\\/wopr\\\/#organization\"},\"potentialAction\":[{\"@type\":\"SearchAction\",\"target\":{\"@type\":\"EntryPoint\",\"urlTemplate\":\"https:\\\/\\\/www.spky.fi\\\/wopr\\\/?s={search_term_string}\"},\"query-input\":{\"@type\":\"PropertyValueSpecification\",\"valueRequired\":true,\"valueName\":\"search_term_string\"}}],\"inLanguage\":\"fi\"},{\"@type\":\"Organization\",\"@id\":\"https:\\\/\\\/www.spky.fi\\\/wopr\\\/#organization\",\"name\":\"Suomen Paimenkoirayhdistys ry\",\"url\":\"https:\\\/\\\/www.spky.fi\\\/wopr\\\/\",\"logo\":{\"@type\":\"ImageObject\",\"inLanguage\":\"fi\",\"@id\":\"https:\\\/\\\/www.spky.fi\\\/wopr\\\/#\\\/schema\\\/logo\\\/image\\\/\",\"url\":\"https:\\\/\\\/www.spky.fi\\\/wopr\\\/wp-content\\\/uploads\\\/2024\\\/06\\\/SPKY_MUVA_PNG.png\",\"contentUrl\":\"https:\\\/\\\/www.spky.fi\\\/wopr\\\/wp-content\\\/uploads\\\/2024\\\/06\\\/SPKY_MUVA_PNG.png\",\"width\":3201,\"height\":3126,\"caption\":\"Suomen Paimenkoirayhdistys ry\"},\"image\":{\"@id\":\"https:\\\/\\\/www.spky.fi\\\/wopr\\\/#\\\/schema\\\/logo\\\/image\\\/\"},\"sameAs\":[\"https:\\\/\\\/www.facebook.com\\\/SuomenPaimenkoirayhdistys\"]},{\"@type\":\"Person\",\"@id\":\"https:\\\/\\\/www.spky.fi\\\/wopr\\\/#\\\/schema\\\/person\\\/d0b626688c21187b8422cadfb94df844\",\"name\":\"Maarit Ky\u00f6stil\u00e4\",\"image\":{\"@type\":\"ImageObject\",\"inLanguage\":\"fi\",\"@id\":\"https:\\\/\\\/secure.gravatar.com\\\/avatar\\\/abc091421fe05d2282e88d28368bc4c4dbf4dbaee74d9958fd1f71a73d26eb98?s=96&d=mm&r=g\",\"url\":\"https:\\\/\\\/secure.gravatar.com\\\/avatar\\\/abc091421fe05d2282e88d28368bc4c4dbf4dbaee74d9958fd1f71a73d26eb98?s=96&d=mm&r=g\",\"contentUrl\":\"https:\\\/\\\/secure.gravatar.com\\\/avatar\\\/abc091421fe05d2282e88d28368bc4c4dbf4dbaee74d9958fd1f71a73d26eb98?s=96&d=mm&r=g\",\"caption\":\"Maarit Ky\u00f6stil\u00e4\"},\"url\":\"https:\\\/\\\/www.spky.fi\\\/wopr\\\/author\\\/mk\\\/\"}]}<\/script>\n<!-- \/ Yoast SEO plugin. -->","yoast_head_json":{"title":"Tuomarip\u00e4iv\u00e4\/ kilpailus\u00e4\u00e4nt\u00f6p\u00e4iv\u00e4 kes\u00e4kuussa 2019 Loviisassa - Suomen Paimenkoirayhdistys ry","robots":{"index":"index","follow":"follow","max-snippet":"max-snippet:-1","max-image-preview":"max-image-preview:large","max-video-preview":"max-video-preview:-1"},"canonical":"https:\/\/www.spky.fi\/wopr\/tuomaripaiva-kilpailusaantopaiva-kesakuussa-2019-loviisassa\/","og_locale":"fi_FI","og_type":"article","og_title":"Tuomarip\u00e4iv\u00e4\/ kilpailus\u00e4\u00e4nt\u00f6p\u00e4iv\u00e4 kes\u00e4kuussa 2019 Loviisassa - Suomen Paimenkoirayhdistys ry","og_description":"Tunnettu Pohjois-Irlantilainen tuomari, kisaaja ja paimenkoirakasvattaja Allistair Lyttle tulee pit\u00e4m\u00e4\u00e4n Suomeen keskiviikkona 26.6.2019 koulutusp\u00e4iv\u00e4n keskittyen paimennuskilpailujen tuomarointiin ja kilpailus\u00e4\u00e4nt\u00f6ihin. Paikkana on Samuli N\u00e4rin lammastila R\u00f6nn\u00e4siss\u00e4 Loviisassa, osoite Dalsvikintie 22, josta opasteet. P\u00e4iv\u00e4n aikana k\u00e4yd\u00e4\u00e4n l\u00e4pi kilpailujen tuomarointia, s\u00e4\u00e4nt\u00f6j\u00e4 ja yleisesti kilpailuetiketti\u00e4 paimennuskisoissa. P\u00e4iv\u00e4 on avoin tuomareille, tuomarikokelaille ja kaikille tuomaroinnista ja kilpailuista kiinnostuneille SPKY:n j\u00e4senille. &hellip; Jatka lukemista Tuomarip\u00e4iv\u00e4\/ kilpailus\u00e4\u00e4nt\u00f6p\u00e4iv\u00e4 kes\u00e4kuussa 2019 Loviisassa &rarr;","og_url":"https:\/\/www.spky.fi\/wopr\/tuomaripaiva-kilpailusaantopaiva-kesakuussa-2019-loviisassa\/","og_site_name":"Suomen Paimenkoirayhdistys ry","article_publisher":"https:\/\/www.facebook.com\/SuomenPaimenkoirayhdistys","article_published_time":"2019-01-15T16:15:53+00:00","article_modified_time":"2022-05-08T13:28:46+00:00","author":"Maarit Ky\u00f6stil\u00e4","twitter_card":"summary_large_image","twitter_misc":{"Kirjoittanut":"Maarit Ky\u00f6stil\u00e4","Arvioitu lukuaika":"1 minuutti"},"schema":{"@context":"https:\/\/schema.org","@graph":[{"@type":"Article","@id":"https:\/\/www.spky.fi\/wopr\/tuomaripaiva-kilpailusaantopaiva-kesakuussa-2019-loviisassa\/#article","isPartOf":{"@id":"https:\/\/www.spky.fi\/wopr\/tuomaripaiva-kilpailusaantopaiva-kesakuussa-2019-loviisassa\/"},"author":{"name":"Maarit Ky\u00f6stil\u00e4","@id":"https:\/\/www.spky.fi\/wopr\/#\/schema\/person\/d0b626688c21187b8422cadfb94df844"},"headline":"Tuomarip\u00e4iv\u00e4\/ kilpailus\u00e4\u00e4nt\u00f6p\u00e4iv\u00e4 kes\u00e4kuussa 2019 Loviisassa","datePublished":"2019-01-15T16:15:53+00:00","dateModified":"2022-05-08T13:28:46+00:00","mainEntityOfPage":{"@id":"https:\/\/www.spky.fi\/wopr\/tuomaripaiva-kilpailusaantopaiva-kesakuussa-2019-loviisassa\/"},"wordCount":121,"publisher":{"@id":"https:\/\/www.spky.fi\/wopr\/#organization"},"articleSection":["Uncategorized"],"inLanguage":"fi"},{"@type":"WebPage","@id":"https:\/\/www.spky.fi\/wopr\/tuomaripaiva-kilpailusaantopaiva-kesakuussa-2019-loviisassa\/","url":"https:\/\/www.spky.fi\/wopr\/tuomaripaiva-kilpailusaantopaiva-kesakuussa-2019-loviisassa\/","name":"Tuomarip\u00e4iv\u00e4\/ kilpailus\u00e4\u00e4nt\u00f6p\u00e4iv\u00e4 kes\u00e4kuussa 2019 Loviisassa - Suomen Paimenkoirayhdistys ry","isPartOf":{"@id":"https:\/\/www.spky.fi\/wopr\/#website"},"datePublished":"2019-01-15T16:15:53+00:00","dateModified":"2022-05-08T13:28:46+00:00","breadcrumb":{"@id":"https:\/\/www.spky.fi\/wopr\/tuomaripaiva-kilpailusaantopaiva-kesakuussa-2019-loviisassa\/#breadcrumb"},"inLanguage":"fi","potentialAction":[{"@type":"ReadAction","target":["https:\/\/www.spky.fi\/wopr\/tuomaripaiva-kilpailusaantopaiva-kesakuussa-2019-loviisassa\/"]}]},{"@type":"BreadcrumbList","@id":"https:\/\/www.spky.fi\/wopr\/tuomaripaiva-kilpailusaantopaiva-kesakuussa-2019-loviisassa\/#breadcrumb","itemListElement":[{"@type":"ListItem","position":1,"name":"Etusivu","item":"https:\/\/www.spky.fi\/wopr\/"},{"@type":"ListItem","position":2,"name":"Tuomarip\u00e4iv\u00e4\/ kilpailus\u00e4\u00e4nt\u00f6p\u00e4iv\u00e4 kes\u00e4kuussa 2019 Loviisassa"}]},{"@type":"WebSite","@id":"https:\/\/www.spky.fi\/wopr\/#website","url":"https:\/\/www.spky.fi\/wopr\/","name":"Suomen Paimenkoirayhdistys ry","description":"Suomen Paimenkoirayhdistys edist&auml;&auml; paimenkoirien ty&ouml;k&auml;ytt&ouml;&auml;. Yhdistys auttaa paimenkoirakurssien, harjoitusten, kilpailujen ja n&auml;yt&ouml;sten j&auml;rjest&auml;misess&auml;.","publisher":{"@id":"https:\/\/www.spky.fi\/wopr\/#organization"},"potentialAction":[{"@type":"SearchAction","target":{"@type":"EntryPoint","urlTemplate":"https:\/\/www.spky.fi\/wopr\/?s={search_term_string}"},"query-input":{"@type":"PropertyValueSpecification","valueRequired":true,"valueName":"search_term_string"}}],"inLanguage":"fi"},{"@type":"Organization","@id":"https:\/\/www.spky.fi\/wopr\/#organization","name":"Suomen Paimenkoirayhdistys ry","url":"https:\/\/www.spky.fi\/wopr\/","logo":{"@type":"ImageObject","inLanguage":"fi","@id":"https:\/\/www.spky.fi\/wopr\/#\/schema\/logo\/image\/","url":"https:\/\/www.spky.fi\/wopr\/wp-content\/uploads\/2024\/06\/SPKY_MUVA_PNG.png","contentUrl":"https:\/\/www.spky.fi\/wopr\/wp-content\/uploads\/2024\/06\/SPKY_MUVA_PNG.png","width":3201,"height":3126,"caption":"Suomen Paimenkoirayhdistys ry"},"image":{"@id":"https:\/\/www.spky.fi\/wopr\/#\/schema\/logo\/image\/"},"sameAs":["https:\/\/www.facebook.com\/SuomenPaimenkoirayhdistys"]},{"@type":"Person","@id":"https:\/\/www.spky.fi\/wopr\/#\/schema\/person\/d0b626688c21187b8422cadfb94df844","name":"Maarit Ky\u00f6stil\u00e4","image":{"@type":"ImageObject","inLanguage":"fi","@id":"https:\/\/secure.gravatar.com\/avatar\/abc091421fe05d2282e88d28368bc4c4dbf4dbaee74d9958fd1f71a73d26eb98?s=96&d=mm&r=g","url":"https:\/\/secure.gravatar.com\/avatar\/abc091421fe05d2282e88d28368bc4c4dbf4dbaee74d9958fd1f71a73d26eb98?s=96&d=mm&r=g","contentUrl":"https:\/\/secure.gravatar.com\/avatar\/abc091421fe05d2282e88d28368bc4c4dbf4dbaee74d9958fd1f71a73d26eb98?s=96&d=mm&r=g","caption":"Maarit Ky\u00f6stil\u00e4"},"url":"https:\/\/www.spky.fi\/wopr\/author\/mk\/"}]}},"jetpack_publicize_connections":[],"jetpack_featured_media_url":"","jetpack_sharing_enabled":true,"jetpack_shortlink":"https:\/\/wp.me\/paLGv4-go","_links":{"self":[{"href":"https:\/\/www.spky.fi\/wopr\/wp-json\/wp\/v2\/posts\/1016","targetHints":{"allow":["GET"]}}],"collection":[{"href":"https:\/\/www.spky.fi\/wopr\/wp-json\/wp\/v2\/posts"}],"about":[{"href":"https:\/\/www.spky.fi\/wopr\/wp-json\/wp\/v2\/types\/post"}],"author":[{"embeddable":true,"href":"https:\/\/www.spky.fi\/wopr\/wp-json\/wp\/v2\/users\/2"}],"replies":[{"embeddable":true,"href":"https:\/\/www.spky.fi\/wopr\/wp-json\/wp\/v2\/comments?post=1016"}],"version-history":[{"count":1,"href":"https:\/\/www.spky.fi\/wopr\/wp-json\/wp\/v2\/posts\/1016\/revisions"}],"predecessor-version":[{"id":1017,"href":"https:\/\/www.spky.fi\/wopr\/wp-json\/wp\/v2\/posts\/1016\/revisions\/1017"}],"wp:attachment":[{"href":"https:\/\/www.spky.fi\/wopr\/wp-json\/wp\/v2\/media?parent=1016"}],"wp:term":[{"taxonomy":"category","embeddable":true,"href":"https:\/\/www.spky.fi\/wopr\/wp-json\/wp\/v2\/categories?post=1016"},{"taxonomy":"post_tag","embeddable":true,"href":"https:\/\/www.spky.fi\/wopr\/wp-json\/wp\/v2\/tags?post=1016"}],"curies":[{"name":"wp","href":"https:\/\/api.w.org\/{rel}","templated":true}]}}