{"id":1243,"date":"2019-04-10T18:42:45","date_gmt":"2019-04-10T18:42:45","guid":{"rendered":"http:\/\/www.spky.fi\/wopr\/?p=1243"},"modified":"2019-04-12T04:30:17","modified_gmt":"2019-04-12T04:30:17","slug":"spky-elma-messuilla","status":"publish","type":"post","link":"https:\/\/www.spky.fi\/wopr\/spky-elma-messuilla\/","title":{"rendered":"Paimenkoirat ja lampaat esill\u00e4 Elma-messuilla 12.-14.4."},"content":{"rendered":"\n<p>Jokavuotinen yleis\u00f6n suosikkiesitys on taas\nElma-messujen vetonaulana Helsingin messukeskuksessa tulevana viikonloppuna.\nSalosta saapuvia Mikkolan tilan karitsoja paimentavat bordercolliet ja working\nkelpiet p\u00e4ivitt\u00e4isiss\u00e4 n\u00e4yt\u00f6ksiss\u00e4. Suomen paimenkoirayhdisyksell\u00e4 on oma\nst\u00e4ndi el\u00e4inhallissa, jossa lampaat ja koirat ohjaajineen ovat tavattavissa\nesitysten v\u00e4lill\u00e4. <\/p>\n\n\n\n<p>Lis\u00e4tietoa ELMAn ohjelmasta:  <br \/><a href=\"https:\/\/elma.messukeskus.com\/\">https:\/\/elma.messukeskus.com\/<\/a> <\/p>\n\n\n\n<p>Tervetuloa tutustumaan! <\/p>\n","protected":false},"excerpt":{"rendered":"<p>Jokavuotinen yleis\u00f6n suosikkiesitys on taas Elma-messujen vetonaulana Helsingin messukeskuksessa tulevana viikonloppuna. Salosta saapuvia Mikkolan tilan karitsoja paimentavat bordercolliet ja working kelpiet p\u00e4ivitt\u00e4isiss\u00e4 n\u00e4yt\u00f6ksiss\u00e4. Suomen paimenkoirayhdisyksell\u00e4 on oma st\u00e4ndi el\u00e4inhallissa, jossa lampaat ja koirat ohjaajineen ovat tavattavissa esitysten v\u00e4lill\u00e4. Lis\u00e4tietoa ELMAn ohjelmasta: https:\/\/elma.messukeskus.com\/ Tervetuloa tutustumaan!<\/p>\n","protected":false},"author":1,"featured_media":0,"comment_status":"open","ping_status":"open","sticky":false,"template":"","format":"standard","meta":{"jetpack_post_was_ever_published":false,"_jetpack_newsletter_access":"","_jetpack_dont_email_post_to_subs":false,"_jetpack_newsletter_tier_id":0,"_jetpack_memberships_contains_paywalled_content":false,"_jetpack_memberships_contains_paid_content":false,"footnotes":"","jetpack_publicize_message":"","jetpack_publicize_feature_enabled":true,"jetpack_social_post_already_shared":true,"jetpack_social_options":{"image_generator_settings":{"template":"highway","default_image_id":0,"font":"","enabled":false},"version":2}},"categories":[1],"tags":[],"class_list":["post-1243","post","type-post","status-publish","format-standard","hentry","category-uncategorized"],"yoast_head":"<!-- This site is optimized with the Yoast SEO plugin v27.5 - https:\/\/yoast.com\/product\/yoast-seo-wordpress\/ -->\n<title>Paimenkoirat ja lampaat esill\u00e4 Elma-messuilla 12.-14.4. - Suomen Paimenkoirayhdistys ry<\/title>\n<meta name=\"robots\" content=\"index, follow, max-snippet:-1, max-image-preview:large, max-video-preview:-1\" \/>\n<link rel=\"canonical\" href=\"https:\/\/www.spky.fi\/wopr\/spky-elma-messuilla\/\" \/>\n<meta property=\"og:locale\" content=\"fi_FI\" \/>\n<meta property=\"og:type\" content=\"article\" \/>\n<meta property=\"og:title\" content=\"Paimenkoirat ja lampaat esill\u00e4 Elma-messuilla 12.-14.4. - Suomen Paimenkoirayhdistys ry\" \/>\n<meta property=\"og:description\" content=\"Jokavuotinen yleis\u00f6n suosikkiesitys on taas Elma-messujen vetonaulana Helsingin messukeskuksessa tulevana viikonloppuna. Salosta saapuvia Mikkolan tilan karitsoja paimentavat bordercolliet ja working kelpiet p\u00e4ivitt\u00e4isiss\u00e4 n\u00e4yt\u00f6ksiss\u00e4. Suomen paimenkoirayhdisyksell\u00e4 on oma st\u00e4ndi el\u00e4inhallissa, jossa lampaat ja koirat ohjaajineen ovat tavattavissa esitysten v\u00e4lill\u00e4. Lis\u00e4tietoa ELMAn ohjelmasta: https:\/\/elma.messukeskus.com\/ Tervetuloa tutustumaan!\" \/>\n<meta property=\"og:url\" content=\"https:\/\/www.spky.fi\/wopr\/spky-elma-messuilla\/\" \/>\n<meta property=\"og:site_name\" content=\"Suomen Paimenkoirayhdistys ry\" \/>\n<meta property=\"article:publisher\" content=\"https:\/\/www.facebook.com\/SuomenPaimenkoirayhdistys\" \/>\n<meta property=\"article:published_time\" content=\"2019-04-10T18:42:45+00:00\" \/>\n<meta property=\"article:modified_time\" content=\"2019-04-12T04:30:17+00:00\" \/>\n<meta name=\"author\" content=\"admin\" \/>\n<meta name=\"twitter:card\" content=\"summary_large_image\" \/>\n<meta name=\"twitter:label1\" content=\"Kirjoittanut\" \/>\n\t<meta name=\"twitter:data1\" content=\"admin\" \/>\n<script type=\"application\/ld+json\" class=\"yoast-schema-graph\">{\"@context\":\"https:\\\/\\\/schema.org\",\"@graph\":[{\"@type\":\"Article\",\"@id\":\"https:\\\/\\\/www.spky.fi\\\/wopr\\\/spky-elma-messuilla\\\/#article\",\"isPartOf\":{\"@id\":\"https:\\\/\\\/www.spky.fi\\\/wopr\\\/spky-elma-messuilla\\\/\"},\"author\":{\"name\":\"admin\",\"@id\":\"https:\\\/\\\/www.spky.fi\\\/wopr\\\/#\\\/schema\\\/person\\\/ca7be00bbf4534901c6ff8ac559e24a0\"},\"headline\":\"Paimenkoirat ja lampaat esill\u00e4 Elma-messuilla 12.-14.4.\",\"datePublished\":\"2019-04-10T18:42:45+00:00\",\"dateModified\":\"2019-04-12T04:30:17+00:00\",\"mainEntityOfPage\":{\"@id\":\"https:\\\/\\\/www.spky.fi\\\/wopr\\\/spky-elma-messuilla\\\/\"},\"wordCount\":62,\"commentCount\":0,\"publisher\":{\"@id\":\"https:\\\/\\\/www.spky.fi\\\/wopr\\\/#organization\"},\"articleSection\":[\"Uncategorized\"],\"inLanguage\":\"fi\",\"potentialAction\":[{\"@type\":\"CommentAction\",\"name\":\"Comment\",\"target\":[\"https:\\\/\\\/www.spky.fi\\\/wopr\\\/spky-elma-messuilla\\\/#respond\"]}]},{\"@type\":\"WebPage\",\"@id\":\"https:\\\/\\\/www.spky.fi\\\/wopr\\\/spky-elma-messuilla\\\/\",\"url\":\"https:\\\/\\\/www.spky.fi\\\/wopr\\\/spky-elma-messuilla\\\/\",\"name\":\"Paimenkoirat ja lampaat esill\u00e4 Elma-messuilla 12.-14.4. - Suomen Paimenkoirayhdistys ry\",\"isPartOf\":{\"@id\":\"https:\\\/\\\/www.spky.fi\\\/wopr\\\/#website\"},\"datePublished\":\"2019-04-10T18:42:45+00:00\",\"dateModified\":\"2019-04-12T04:30:17+00:00\",\"breadcrumb\":{\"@id\":\"https:\\\/\\\/www.spky.fi\\\/wopr\\\/spky-elma-messuilla\\\/#breadcrumb\"},\"inLanguage\":\"fi\",\"potentialAction\":[{\"@type\":\"ReadAction\",\"target\":[\"https:\\\/\\\/www.spky.fi\\\/wopr\\\/spky-elma-messuilla\\\/\"]}]},{\"@type\":\"BreadcrumbList\",\"@id\":\"https:\\\/\\\/www.spky.fi\\\/wopr\\\/spky-elma-messuilla\\\/#breadcrumb\",\"itemListElement\":[{\"@type\":\"ListItem\",\"position\":1,\"name\":\"Etusivu\",\"item\":\"https:\\\/\\\/www.spky.fi\\\/wopr\\\/\"},{\"@type\":\"ListItem\",\"position\":2,\"name\":\"Paimenkoirat ja lampaat esill\u00e4 Elma-messuilla 12.-14.4.\"}]},{\"@type\":\"WebSite\",\"@id\":\"https:\\\/\\\/www.spky.fi\\\/wopr\\\/#website\",\"url\":\"https:\\\/\\\/www.spky.fi\\\/wopr\\\/\",\"name\":\"Suomen Paimenkoirayhdistys ry\",\"description\":\"Suomen Paimenkoirayhdistys edist&auml;&auml; paimenkoirien ty&ouml;k&auml;ytt&ouml;&auml;. Yhdistys auttaa paimenkoirakurssien, harjoitusten, kilpailujen ja n&auml;yt&ouml;sten j&auml;rjest&auml;misess&auml;.\",\"publisher\":{\"@id\":\"https:\\\/\\\/www.spky.fi\\\/wopr\\\/#organization\"},\"potentialAction\":[{\"@type\":\"SearchAction\",\"target\":{\"@type\":\"EntryPoint\",\"urlTemplate\":\"https:\\\/\\\/www.spky.fi\\\/wopr\\\/?s={search_term_string}\"},\"query-input\":{\"@type\":\"PropertyValueSpecification\",\"valueRequired\":true,\"valueName\":\"search_term_string\"}}],\"inLanguage\":\"fi\"},{\"@type\":\"Organization\",\"@id\":\"https:\\\/\\\/www.spky.fi\\\/wopr\\\/#organization\",\"name\":\"Suomen Paimenkoirayhdistys ry\",\"url\":\"https:\\\/\\\/www.spky.fi\\\/wopr\\\/\",\"logo\":{\"@type\":\"ImageObject\",\"inLanguage\":\"fi\",\"@id\":\"https:\\\/\\\/www.spky.fi\\\/wopr\\\/#\\\/schema\\\/logo\\\/image\\\/\",\"url\":\"https:\\\/\\\/www.spky.fi\\\/wopr\\\/wp-content\\\/uploads\\\/2024\\\/06\\\/SPKY_MUVA_PNG.png\",\"contentUrl\":\"https:\\\/\\\/www.spky.fi\\\/wopr\\\/wp-content\\\/uploads\\\/2024\\\/06\\\/SPKY_MUVA_PNG.png\",\"width\":3201,\"height\":3126,\"caption\":\"Suomen Paimenkoirayhdistys ry\"},\"image\":{\"@id\":\"https:\\\/\\\/www.spky.fi\\\/wopr\\\/#\\\/schema\\\/logo\\\/image\\\/\"},\"sameAs\":[\"https:\\\/\\\/www.facebook.com\\\/SuomenPaimenkoirayhdistys\"]},{\"@type\":\"Person\",\"@id\":\"https:\\\/\\\/www.spky.fi\\\/wopr\\\/#\\\/schema\\\/person\\\/ca7be00bbf4534901c6ff8ac559e24a0\",\"name\":\"admin\",\"image\":{\"@type\":\"ImageObject\",\"inLanguage\":\"fi\",\"@id\":\"https:\\\/\\\/secure.gravatar.com\\\/avatar\\\/7bca42bf96110aeda1e2a7b00bc5ded43fd11bc8ff1ff86a71c15e19c29fc74d?s=96&d=mm&r=g\",\"url\":\"https:\\\/\\\/secure.gravatar.com\\\/avatar\\\/7bca42bf96110aeda1e2a7b00bc5ded43fd11bc8ff1ff86a71c15e19c29fc74d?s=96&d=mm&r=g\",\"contentUrl\":\"https:\\\/\\\/secure.gravatar.com\\\/avatar\\\/7bca42bf96110aeda1e2a7b00bc5ded43fd11bc8ff1ff86a71c15e19c29fc74d?s=96&d=mm&r=g\",\"caption\":\"admin\"},\"url\":\"https:\\\/\\\/www.spky.fi\\\/wopr\\\/author\\\/admin\\\/\"}]}<\/script>\n<!-- \/ Yoast SEO plugin. -->","yoast_head_json":{"title":"Paimenkoirat ja lampaat esill\u00e4 Elma-messuilla 12.-14.4. - Suomen Paimenkoirayhdistys ry","robots":{"index":"index","follow":"follow","max-snippet":"max-snippet:-1","max-image-preview":"max-image-preview:large","max-video-preview":"max-video-preview:-1"},"canonical":"https:\/\/www.spky.fi\/wopr\/spky-elma-messuilla\/","og_locale":"fi_FI","og_type":"article","og_title":"Paimenkoirat ja lampaat esill\u00e4 Elma-messuilla 12.-14.4. - Suomen Paimenkoirayhdistys ry","og_description":"Jokavuotinen yleis\u00f6n suosikkiesitys on taas Elma-messujen vetonaulana Helsingin messukeskuksessa tulevana viikonloppuna. Salosta saapuvia Mikkolan tilan karitsoja paimentavat bordercolliet ja working kelpiet p\u00e4ivitt\u00e4isiss\u00e4 n\u00e4yt\u00f6ksiss\u00e4. Suomen paimenkoirayhdisyksell\u00e4 on oma st\u00e4ndi el\u00e4inhallissa, jossa lampaat ja koirat ohjaajineen ovat tavattavissa esitysten v\u00e4lill\u00e4. Lis\u00e4tietoa ELMAn ohjelmasta: https:\/\/elma.messukeskus.com\/ Tervetuloa tutustumaan!","og_url":"https:\/\/www.spky.fi\/wopr\/spky-elma-messuilla\/","og_site_name":"Suomen Paimenkoirayhdistys ry","article_publisher":"https:\/\/www.facebook.com\/SuomenPaimenkoirayhdistys","article_published_time":"2019-04-10T18:42:45+00:00","article_modified_time":"2019-04-12T04:30:17+00:00","author":"admin","twitter_card":"summary_large_image","twitter_misc":{"Kirjoittanut":"admin"},"schema":{"@context":"https:\/\/schema.org","@graph":[{"@type":"Article","@id":"https:\/\/www.spky.fi\/wopr\/spky-elma-messuilla\/#article","isPartOf":{"@id":"https:\/\/www.spky.fi\/wopr\/spky-elma-messuilla\/"},"author":{"name":"admin","@id":"https:\/\/www.spky.fi\/wopr\/#\/schema\/person\/ca7be00bbf4534901c6ff8ac559e24a0"},"headline":"Paimenkoirat ja lampaat esill\u00e4 Elma-messuilla 12.-14.4.","datePublished":"2019-04-10T18:42:45+00:00","dateModified":"2019-04-12T04:30:17+00:00","mainEntityOfPage":{"@id":"https:\/\/www.spky.fi\/wopr\/spky-elma-messuilla\/"},"wordCount":62,"commentCount":0,"publisher":{"@id":"https:\/\/www.spky.fi\/wopr\/#organization"},"articleSection":["Uncategorized"],"inLanguage":"fi","potentialAction":[{"@type":"CommentAction","name":"Comment","target":["https:\/\/www.spky.fi\/wopr\/spky-elma-messuilla\/#respond"]}]},{"@type":"WebPage","@id":"https:\/\/www.spky.fi\/wopr\/spky-elma-messuilla\/","url":"https:\/\/www.spky.fi\/wopr\/spky-elma-messuilla\/","name":"Paimenkoirat ja lampaat esill\u00e4 Elma-messuilla 12.-14.4. - Suomen Paimenkoirayhdistys ry","isPartOf":{"@id":"https:\/\/www.spky.fi\/wopr\/#website"},"datePublished":"2019-04-10T18:42:45+00:00","dateModified":"2019-04-12T04:30:17+00:00","breadcrumb":{"@id":"https:\/\/www.spky.fi\/wopr\/spky-elma-messuilla\/#breadcrumb"},"inLanguage":"fi","potentialAction":[{"@type":"ReadAction","target":["https:\/\/www.spky.fi\/wopr\/spky-elma-messuilla\/"]}]},{"@type":"BreadcrumbList","@id":"https:\/\/www.spky.fi\/wopr\/spky-elma-messuilla\/#breadcrumb","itemListElement":[{"@type":"ListItem","position":1,"name":"Etusivu","item":"https:\/\/www.spky.fi\/wopr\/"},{"@type":"ListItem","position":2,"name":"Paimenkoirat ja lampaat esill\u00e4 Elma-messuilla 12.-14.4."}]},{"@type":"WebSite","@id":"https:\/\/www.spky.fi\/wopr\/#website","url":"https:\/\/www.spky.fi\/wopr\/","name":"Suomen Paimenkoirayhdistys ry","description":"Suomen Paimenkoirayhdistys edist&auml;&auml; paimenkoirien ty&ouml;k&auml;ytt&ouml;&auml;. Yhdistys auttaa paimenkoirakurssien, harjoitusten, kilpailujen ja n&auml;yt&ouml;sten j&auml;rjest&auml;misess&auml;.","publisher":{"@id":"https:\/\/www.spky.fi\/wopr\/#organization"},"potentialAction":[{"@type":"SearchAction","target":{"@type":"EntryPoint","urlTemplate":"https:\/\/www.spky.fi\/wopr\/?s={search_term_string}"},"query-input":{"@type":"PropertyValueSpecification","valueRequired":true,"valueName":"search_term_string"}}],"inLanguage":"fi"},{"@type":"Organization","@id":"https:\/\/www.spky.fi\/wopr\/#organization","name":"Suomen Paimenkoirayhdistys ry","url":"https:\/\/www.spky.fi\/wopr\/","logo":{"@type":"ImageObject","inLanguage":"fi","@id":"https:\/\/www.spky.fi\/wopr\/#\/schema\/logo\/image\/","url":"https:\/\/www.spky.fi\/wopr\/wp-content\/uploads\/2024\/06\/SPKY_MUVA_PNG.png","contentUrl":"https:\/\/www.spky.fi\/wopr\/wp-content\/uploads\/2024\/06\/SPKY_MUVA_PNG.png","width":3201,"height":3126,"caption":"Suomen Paimenkoirayhdistys ry"},"image":{"@id":"https:\/\/www.spky.fi\/wopr\/#\/schema\/logo\/image\/"},"sameAs":["https:\/\/www.facebook.com\/SuomenPaimenkoirayhdistys"]},{"@type":"Person","@id":"https:\/\/www.spky.fi\/wopr\/#\/schema\/person\/ca7be00bbf4534901c6ff8ac559e24a0","name":"admin","image":{"@type":"ImageObject","inLanguage":"fi","@id":"https:\/\/secure.gravatar.com\/avatar\/7bca42bf96110aeda1e2a7b00bc5ded43fd11bc8ff1ff86a71c15e19c29fc74d?s=96&d=mm&r=g","url":"https:\/\/secure.gravatar.com\/avatar\/7bca42bf96110aeda1e2a7b00bc5ded43fd11bc8ff1ff86a71c15e19c29fc74d?s=96&d=mm&r=g","contentUrl":"https:\/\/secure.gravatar.com\/avatar\/7bca42bf96110aeda1e2a7b00bc5ded43fd11bc8ff1ff86a71c15e19c29fc74d?s=96&d=mm&r=g","caption":"admin"},"url":"https:\/\/www.spky.fi\/wopr\/author\/admin\/"}]}},"jetpack_publicize_connections":[],"jetpack_featured_media_url":"","jetpack_sharing_enabled":true,"jetpack_shortlink":"https:\/\/wp.me\/paLGv4-k3","_links":{"self":[{"href":"https:\/\/www.spky.fi\/wopr\/wp-json\/wp\/v2\/posts\/1243","targetHints":{"allow":["GET"]}}],"collection":[{"href":"https:\/\/www.spky.fi\/wopr\/wp-json\/wp\/v2\/posts"}],"about":[{"href":"https:\/\/www.spky.fi\/wopr\/wp-json\/wp\/v2\/types\/post"}],"author":[{"embeddable":true,"href":"https:\/\/www.spky.fi\/wopr\/wp-json\/wp\/v2\/users\/1"}],"replies":[{"embeddable":true,"href":"https:\/\/www.spky.fi\/wopr\/wp-json\/wp\/v2\/comments?post=1243"}],"version-history":[{"count":3,"href":"https:\/\/www.spky.fi\/wopr\/wp-json\/wp\/v2\/posts\/1243\/revisions"}],"predecessor-version":[{"id":1247,"href":"https:\/\/www.spky.fi\/wopr\/wp-json\/wp\/v2\/posts\/1243\/revisions\/1247"}],"wp:attachment":[{"href":"https:\/\/www.spky.fi\/wopr\/wp-json\/wp\/v2\/media?parent=1243"}],"wp:term":[{"taxonomy":"category","embeddable":true,"href":"https:\/\/www.spky.fi\/wopr\/wp-json\/wp\/v2\/categories?post=1243"},{"taxonomy":"post_tag","embeddable":true,"href":"https:\/\/www.spky.fi\/wopr\/wp-json\/wp\/v2\/tags?post=1243"}],"curies":[{"name":"wp","href":"https:\/\/api.w.org\/{rel}","templated":true}]}}