{"id":1515,"date":"2019-08-09T19:29:50","date_gmt":"2019-08-09T19:29:50","guid":{"rendered":"http:\/\/www.spky.fi\/wopr\/?p=1515"},"modified":"2022-04-24T05:56:27","modified_gmt":"2022-04-24T05:56:27","slug":"suomen-maajoukkueet-paimennuksen-em-ja-pm-kilpailuihin-ovat-valmiina-haasteisiin","status":"publish","type":"post","link":"https:\/\/www.spky.fi\/wopr\/suomen-maajoukkueet-paimennuksen-em-ja-pm-kilpailuihin-ovat-valmiina-haasteisiin\/","title":{"rendered":"Suomen maajoukkueet paimennuksen EM- ja PM-kilpailuihin ovat valmiina haasteisiin"},"content":{"rendered":"\n<p>Loppukes\u00e4st\u00e4 kilpaillaan aina vuosittain Manner-Euroopan suurimmat paimennustapahtumat: Euroopan ja<br \/>Pohjoismaiden mestaruuskilpailut. T\u00e4n\u00e4 vuonna PM-kilpailut j\u00e4rjestet\u00e4\u00e4n Norjassa 9.\u201311.8.2019 ja Suomen joukkueen kokoonpano k\u00e4sitt\u00e4\u00e4 10 koirakkoa. Kisat pidet\u00e4\u00e4n Brusand i H\u00e5n kunnassa Rogalandissa l\u00e4hell\u00e4 Stavangeria.<\/p>\n<p>Kahta viikkoa my\u00f6hemmin pidet\u00e4\u00e4n Saksassa EM-kilpailut, joten maajoukkueella riitt\u00e4\u00e4 kiirett\u00e4 ja paljon haasteita hyvin lyhyell\u00e4 aikajaksolla. Maajoukkue on karsiutunut viime vuoden aikana kilpailtujen karsintojen perusteella. Nykyisell\u00e4\u00e4n kotimainen paimennusk\u00e4rki on hyvin kansainv\u00e4lisell\u00e4 tasolla ja menestymisen<br \/>mahdollisuudet ovat hyv\u00e4t.<\/p>\n<p>Suomen PM-maajoukkue 2019 on seuraava:<br \/>Anja Lehti\u00f6 ja BB Coel, Lieto, kapteeni<br \/>Kari Kotikoski ja Sammy, Somero<br \/>Anja Lehti\u00f6 ja Kemi Rhemy, Lieto<br \/>Michaela Wikberg ja Borderliz Sune, Korsn\u00e4s<br \/>Leena Jussila ja Valmis Mulder, Loviisa<br \/>Elisa Kotikoski ja Musti, Somero<br \/>Elisa Kotikoski ja Bell, Somero<br \/>Minna Eronen ja Nick, Kitee<br \/>Michaela Wikberg ja Putte, Korsn\u00e4s<br \/>Jennina Kilponen ja Killiebrae Flint, Er\u00e4j\u00e4rvi<\/p>\n<p>PM-kilpailuiden suoritukset l\u00e4hetet\u00e4\u00e4n my\u00f6s livestreamina Facebookissa osoitteessa<br \/>https:\/\/www.facebook.com\/Gjeterhund-LIVE-715723398765788\/<\/p>\n<p>Continentalit eli Manner-Euroopan EM-kilpailut j\u00e4rjestet\u00e4\u00e4n t\u00e4n\u00e4 vuonna Pohjois-Saksassa. Suomesta kilpailuun osallistuu 8 koirakkoa. Continental Sheepdog Championship\/ EM-kilpailut kilpaillaan Wittbekiss\u00e4 22.\u201325.8.2019. Kisan\u00a0kotisivut l\u00f6ytyv\u00e4t\u00a0www.continental2019.de Paikan p\u00e4\u00e4lle on j\u00e4rjestetty<br \/>paimennuskilpailun oheen mittava maaseututapahtuma. Kilpailusuorituksia pyrit\u00e4\u00e4n striimaamaan kotikatsomoihin.<\/p>\n<p>Suomen EM-maajoukkue 2019 on seuraava:<br \/>Anja Lehti\u00f6 ja BB Coel, Lieto, kapteeni<br \/>Jonna Paasila ja Borderliz Magdalena, Vantaa<br \/>Kari Kotikoski ja Sammy, Somero<br \/>Anja Lehti\u00f6 ja Kemi Rhemy, Lieto<br \/>Michaela Wikberg ja Borderliz Sune, Korsn\u00e4s<br \/>Leena Jussila ja Valmis Mulder, Loviisa<br \/>Michaela Wikberg ja Cmm\u2019s B\u00f6rje, Korsn\u00e4s<br \/>Elisa Kotikoski ja Musti, Somero<br \/>VARALLA<br \/>Elisa Kotikoski ja Bell, Somero<br \/>Minna Eronen ja Nick, Kitee<br \/><br \/><br \/><\/p>\n","protected":false},"excerpt":{"rendered":"<p>Loppukes\u00e4st\u00e4 kilpaillaan aina vuosittain Manner-Euroopan suurimmat paimennustapahtumat: Euroopan jaPohjoismaiden mestaruuskilpailut. T\u00e4n\u00e4 vuonna PM-kilpailut j\u00e4rjestet\u00e4\u00e4n Norjassa 9.\u201311.8.2019 ja Suomen joukkueen kokoonpano k\u00e4sitt\u00e4\u00e4 10 koirakkoa. Kisat pidet\u00e4\u00e4n Brusand i H\u00e5n kunnassa Rogalandissa l\u00e4hell\u00e4 Stavangeria. Kahta viikkoa my\u00f6hemmin pidet\u00e4\u00e4n Saksassa EM-kilpailut, joten maajoukkueella riitt\u00e4\u00e4 kiirett\u00e4 ja paljon haasteita hyvin lyhyell\u00e4 aikajaksolla. Maajoukkue on karsiutunut viime vuoden aikana kilpailtujen &hellip; <a href=\"https:\/\/www.spky.fi\/wopr\/suomen-maajoukkueet-paimennuksen-em-ja-pm-kilpailuihin-ovat-valmiina-haasteisiin\/\" class=\"more-link\">Jatka lukemista <span class=\"screen-reader-text\">Suomen maajoukkueet paimennuksen EM- ja PM-kilpailuihin ovat valmiina haasteisiin<\/span> <span class=\"meta-nav\">&rarr;<\/span><\/a><\/p>\n","protected":false},"author":6,"featured_media":0,"comment_status":"closed","ping_status":"closed","sticky":false,"template":"","format":"standard","meta":{"jetpack_post_was_ever_published":false,"_jetpack_newsletter_access":"","_jetpack_dont_email_post_to_subs":false,"_jetpack_newsletter_tier_id":0,"_jetpack_memberships_contains_paywalled_content":false,"_jetpack_memberships_contains_paid_content":false,"footnotes":"","jetpack_publicize_message":"","jetpack_publicize_feature_enabled":true,"jetpack_social_post_already_shared":true,"jetpack_social_options":{"image_generator_settings":{"template":"highway","default_image_id":0,"font":"","enabled":false},"version":2}},"categories":[7],"tags":[],"class_list":["post-1515","post","type-post","status-publish","format-standard","hentry","category-kilpailuasiat"],"yoast_head":"<!-- This site is optimized with the Yoast SEO plugin v27.5 - https:\/\/yoast.com\/product\/yoast-seo-wordpress\/ -->\n<title>Suomen maajoukkueet paimennuksen EM- ja PM-kilpailuihin ovat valmiina haasteisiin - Suomen Paimenkoirayhdistys ry<\/title>\n<meta name=\"robots\" content=\"index, follow, max-snippet:-1, max-image-preview:large, max-video-preview:-1\" \/>\n<link rel=\"canonical\" href=\"https:\/\/www.spky.fi\/wopr\/suomen-maajoukkueet-paimennuksen-em-ja-pm-kilpailuihin-ovat-valmiina-haasteisiin\/\" \/>\n<meta property=\"og:locale\" content=\"fi_FI\" \/>\n<meta property=\"og:type\" content=\"article\" \/>\n<meta property=\"og:title\" content=\"Suomen maajoukkueet paimennuksen EM- ja PM-kilpailuihin ovat valmiina haasteisiin - Suomen Paimenkoirayhdistys ry\" \/>\n<meta property=\"og:description\" content=\"Loppukes\u00e4st\u00e4 kilpaillaan aina vuosittain Manner-Euroopan suurimmat paimennustapahtumat: Euroopan jaPohjoismaiden mestaruuskilpailut. T\u00e4n\u00e4 vuonna PM-kilpailut j\u00e4rjestet\u00e4\u00e4n Norjassa 9.\u201311.8.2019 ja Suomen joukkueen kokoonpano k\u00e4sitt\u00e4\u00e4 10 koirakkoa. Kisat pidet\u00e4\u00e4n Brusand i H\u00e5n kunnassa Rogalandissa l\u00e4hell\u00e4 Stavangeria. Kahta viikkoa my\u00f6hemmin pidet\u00e4\u00e4n Saksassa EM-kilpailut, joten maajoukkueella riitt\u00e4\u00e4 kiirett\u00e4 ja paljon haasteita hyvin lyhyell\u00e4 aikajaksolla. Maajoukkue on karsiutunut viime vuoden aikana kilpailtujen &hellip; Jatka lukemista Suomen maajoukkueet paimennuksen EM- ja PM-kilpailuihin ovat valmiina haasteisiin &rarr;\" \/>\n<meta property=\"og:url\" content=\"https:\/\/www.spky.fi\/wopr\/suomen-maajoukkueet-paimennuksen-em-ja-pm-kilpailuihin-ovat-valmiina-haasteisiin\/\" \/>\n<meta property=\"og:site_name\" content=\"Suomen Paimenkoirayhdistys ry\" \/>\n<meta property=\"article:publisher\" content=\"https:\/\/www.facebook.com\/SuomenPaimenkoirayhdistys\" \/>\n<meta property=\"article:published_time\" content=\"2019-08-09T19:29:50+00:00\" \/>\n<meta property=\"article:modified_time\" content=\"2022-04-24T05:56:27+00:00\" \/>\n<meta name=\"author\" content=\"Anne Konsti\" \/>\n<meta name=\"twitter:card\" content=\"summary_large_image\" \/>\n<meta name=\"twitter:label1\" content=\"Kirjoittanut\" \/>\n\t<meta name=\"twitter:data1\" content=\"Anne Konsti\" \/>\n\t<meta name=\"twitter:label2\" content=\"Arvioitu lukuaika\" \/>\n\t<meta name=\"twitter:data2\" content=\"1 minuutti\" \/>\n<script type=\"application\/ld+json\" class=\"yoast-schema-graph\">{\"@context\":\"https:\\\/\\\/schema.org\",\"@graph\":[{\"@type\":\"Article\",\"@id\":\"https:\\\/\\\/www.spky.fi\\\/wopr\\\/suomen-maajoukkueet-paimennuksen-em-ja-pm-kilpailuihin-ovat-valmiina-haasteisiin\\\/#article\",\"isPartOf\":{\"@id\":\"https:\\\/\\\/www.spky.fi\\\/wopr\\\/suomen-maajoukkueet-paimennuksen-em-ja-pm-kilpailuihin-ovat-valmiina-haasteisiin\\\/\"},\"author\":{\"name\":\"Anne Konsti\",\"@id\":\"https:\\\/\\\/www.spky.fi\\\/wopr\\\/#\\\/schema\\\/person\\\/cc57627cdd2d43d6044bc641129ddfb7\"},\"headline\":\"Suomen maajoukkueet paimennuksen EM- ja PM-kilpailuihin ovat valmiina haasteisiin\",\"datePublished\":\"2019-08-09T19:29:50+00:00\",\"dateModified\":\"2022-04-24T05:56:27+00:00\",\"mainEntityOfPage\":{\"@id\":\"https:\\\/\\\/www.spky.fi\\\/wopr\\\/suomen-maajoukkueet-paimennuksen-em-ja-pm-kilpailuihin-ovat-valmiina-haasteisiin\\\/\"},\"wordCount\":257,\"publisher\":{\"@id\":\"https:\\\/\\\/www.spky.fi\\\/wopr\\\/#organization\"},\"articleSection\":[\"Kilpailuasiat\"],\"inLanguage\":\"fi\"},{\"@type\":\"WebPage\",\"@id\":\"https:\\\/\\\/www.spky.fi\\\/wopr\\\/suomen-maajoukkueet-paimennuksen-em-ja-pm-kilpailuihin-ovat-valmiina-haasteisiin\\\/\",\"url\":\"https:\\\/\\\/www.spky.fi\\\/wopr\\\/suomen-maajoukkueet-paimennuksen-em-ja-pm-kilpailuihin-ovat-valmiina-haasteisiin\\\/\",\"name\":\"Suomen maajoukkueet paimennuksen EM- ja PM-kilpailuihin ovat valmiina haasteisiin - Suomen Paimenkoirayhdistys ry\",\"isPartOf\":{\"@id\":\"https:\\\/\\\/www.spky.fi\\\/wopr\\\/#website\"},\"datePublished\":\"2019-08-09T19:29:50+00:00\",\"dateModified\":\"2022-04-24T05:56:27+00:00\",\"breadcrumb\":{\"@id\":\"https:\\\/\\\/www.spky.fi\\\/wopr\\\/suomen-maajoukkueet-paimennuksen-em-ja-pm-kilpailuihin-ovat-valmiina-haasteisiin\\\/#breadcrumb\"},\"inLanguage\":\"fi\",\"potentialAction\":[{\"@type\":\"ReadAction\",\"target\":[\"https:\\\/\\\/www.spky.fi\\\/wopr\\\/suomen-maajoukkueet-paimennuksen-em-ja-pm-kilpailuihin-ovat-valmiina-haasteisiin\\\/\"]}]},{\"@type\":\"BreadcrumbList\",\"@id\":\"https:\\\/\\\/www.spky.fi\\\/wopr\\\/suomen-maajoukkueet-paimennuksen-em-ja-pm-kilpailuihin-ovat-valmiina-haasteisiin\\\/#breadcrumb\",\"itemListElement\":[{\"@type\":\"ListItem\",\"position\":1,\"name\":\"Etusivu\",\"item\":\"https:\\\/\\\/www.spky.fi\\\/wopr\\\/\"},{\"@type\":\"ListItem\",\"position\":2,\"name\":\"Suomen maajoukkueet paimennuksen EM- ja PM-kilpailuihin ovat valmiina haasteisiin\"}]},{\"@type\":\"WebSite\",\"@id\":\"https:\\\/\\\/www.spky.fi\\\/wopr\\\/#website\",\"url\":\"https:\\\/\\\/www.spky.fi\\\/wopr\\\/\",\"name\":\"Suomen Paimenkoirayhdistys ry\",\"description\":\"Suomen Paimenkoirayhdistys edist&auml;&auml; paimenkoirien ty&ouml;k&auml;ytt&ouml;&auml;. Yhdistys auttaa paimenkoirakurssien, harjoitusten, kilpailujen ja n&auml;yt&ouml;sten j&auml;rjest&auml;misess&auml;.\",\"publisher\":{\"@id\":\"https:\\\/\\\/www.spky.fi\\\/wopr\\\/#organization\"},\"potentialAction\":[{\"@type\":\"SearchAction\",\"target\":{\"@type\":\"EntryPoint\",\"urlTemplate\":\"https:\\\/\\\/www.spky.fi\\\/wopr\\\/?s={search_term_string}\"},\"query-input\":{\"@type\":\"PropertyValueSpecification\",\"valueRequired\":true,\"valueName\":\"search_term_string\"}}],\"inLanguage\":\"fi\"},{\"@type\":\"Organization\",\"@id\":\"https:\\\/\\\/www.spky.fi\\\/wopr\\\/#organization\",\"name\":\"Suomen Paimenkoirayhdistys ry\",\"url\":\"https:\\\/\\\/www.spky.fi\\\/wopr\\\/\",\"logo\":{\"@type\":\"ImageObject\",\"inLanguage\":\"fi\",\"@id\":\"https:\\\/\\\/www.spky.fi\\\/wopr\\\/#\\\/schema\\\/logo\\\/image\\\/\",\"url\":\"https:\\\/\\\/www.spky.fi\\\/wopr\\\/wp-content\\\/uploads\\\/2024\\\/06\\\/SPKY_MUVA_PNG.png\",\"contentUrl\":\"https:\\\/\\\/www.spky.fi\\\/wopr\\\/wp-content\\\/uploads\\\/2024\\\/06\\\/SPKY_MUVA_PNG.png\",\"width\":3201,\"height\":3126,\"caption\":\"Suomen Paimenkoirayhdistys ry\"},\"image\":{\"@id\":\"https:\\\/\\\/www.spky.fi\\\/wopr\\\/#\\\/schema\\\/logo\\\/image\\\/\"},\"sameAs\":[\"https:\\\/\\\/www.facebook.com\\\/SuomenPaimenkoirayhdistys\"]},{\"@type\":\"Person\",\"@id\":\"https:\\\/\\\/www.spky.fi\\\/wopr\\\/#\\\/schema\\\/person\\\/cc57627cdd2d43d6044bc641129ddfb7\",\"name\":\"Anne Konsti\",\"image\":{\"@type\":\"ImageObject\",\"inLanguage\":\"fi\",\"@id\":\"https:\\\/\\\/secure.gravatar.com\\\/avatar\\\/4d7cddae6747800b0a713db84d92a020c2d171aaaca378e3d0ea39ab3396f90c?s=96&d=mm&r=g\",\"url\":\"https:\\\/\\\/secure.gravatar.com\\\/avatar\\\/4d7cddae6747800b0a713db84d92a020c2d171aaaca378e3d0ea39ab3396f90c?s=96&d=mm&r=g\",\"contentUrl\":\"https:\\\/\\\/secure.gravatar.com\\\/avatar\\\/4d7cddae6747800b0a713db84d92a020c2d171aaaca378e3d0ea39ab3396f90c?s=96&d=mm&r=g\",\"caption\":\"Anne Konsti\"},\"url\":\"https:\\\/\\\/www.spky.fi\\\/wopr\\\/author\\\/ak\\\/\"}]}<\/script>\n<!-- \/ Yoast SEO plugin. -->","yoast_head_json":{"title":"Suomen maajoukkueet paimennuksen EM- ja PM-kilpailuihin ovat valmiina haasteisiin - Suomen Paimenkoirayhdistys ry","robots":{"index":"index","follow":"follow","max-snippet":"max-snippet:-1","max-image-preview":"max-image-preview:large","max-video-preview":"max-video-preview:-1"},"canonical":"https:\/\/www.spky.fi\/wopr\/suomen-maajoukkueet-paimennuksen-em-ja-pm-kilpailuihin-ovat-valmiina-haasteisiin\/","og_locale":"fi_FI","og_type":"article","og_title":"Suomen maajoukkueet paimennuksen EM- ja PM-kilpailuihin ovat valmiina haasteisiin - Suomen Paimenkoirayhdistys ry","og_description":"Loppukes\u00e4st\u00e4 kilpaillaan aina vuosittain Manner-Euroopan suurimmat paimennustapahtumat: Euroopan jaPohjoismaiden mestaruuskilpailut. T\u00e4n\u00e4 vuonna PM-kilpailut j\u00e4rjestet\u00e4\u00e4n Norjassa 9.\u201311.8.2019 ja Suomen joukkueen kokoonpano k\u00e4sitt\u00e4\u00e4 10 koirakkoa. Kisat pidet\u00e4\u00e4n Brusand i H\u00e5n kunnassa Rogalandissa l\u00e4hell\u00e4 Stavangeria. Kahta viikkoa my\u00f6hemmin pidet\u00e4\u00e4n Saksassa EM-kilpailut, joten maajoukkueella riitt\u00e4\u00e4 kiirett\u00e4 ja paljon haasteita hyvin lyhyell\u00e4 aikajaksolla. Maajoukkue on karsiutunut viime vuoden aikana kilpailtujen &hellip; Jatka lukemista Suomen maajoukkueet paimennuksen EM- ja PM-kilpailuihin ovat valmiina haasteisiin &rarr;","og_url":"https:\/\/www.spky.fi\/wopr\/suomen-maajoukkueet-paimennuksen-em-ja-pm-kilpailuihin-ovat-valmiina-haasteisiin\/","og_site_name":"Suomen Paimenkoirayhdistys ry","article_publisher":"https:\/\/www.facebook.com\/SuomenPaimenkoirayhdistys","article_published_time":"2019-08-09T19:29:50+00:00","article_modified_time":"2022-04-24T05:56:27+00:00","author":"Anne Konsti","twitter_card":"summary_large_image","twitter_misc":{"Kirjoittanut":"Anne Konsti","Arvioitu lukuaika":"1 minuutti"},"schema":{"@context":"https:\/\/schema.org","@graph":[{"@type":"Article","@id":"https:\/\/www.spky.fi\/wopr\/suomen-maajoukkueet-paimennuksen-em-ja-pm-kilpailuihin-ovat-valmiina-haasteisiin\/#article","isPartOf":{"@id":"https:\/\/www.spky.fi\/wopr\/suomen-maajoukkueet-paimennuksen-em-ja-pm-kilpailuihin-ovat-valmiina-haasteisiin\/"},"author":{"name":"Anne Konsti","@id":"https:\/\/www.spky.fi\/wopr\/#\/schema\/person\/cc57627cdd2d43d6044bc641129ddfb7"},"headline":"Suomen maajoukkueet paimennuksen EM- ja PM-kilpailuihin ovat valmiina haasteisiin","datePublished":"2019-08-09T19:29:50+00:00","dateModified":"2022-04-24T05:56:27+00:00","mainEntityOfPage":{"@id":"https:\/\/www.spky.fi\/wopr\/suomen-maajoukkueet-paimennuksen-em-ja-pm-kilpailuihin-ovat-valmiina-haasteisiin\/"},"wordCount":257,"publisher":{"@id":"https:\/\/www.spky.fi\/wopr\/#organization"},"articleSection":["Kilpailuasiat"],"inLanguage":"fi"},{"@type":"WebPage","@id":"https:\/\/www.spky.fi\/wopr\/suomen-maajoukkueet-paimennuksen-em-ja-pm-kilpailuihin-ovat-valmiina-haasteisiin\/","url":"https:\/\/www.spky.fi\/wopr\/suomen-maajoukkueet-paimennuksen-em-ja-pm-kilpailuihin-ovat-valmiina-haasteisiin\/","name":"Suomen maajoukkueet paimennuksen EM- ja PM-kilpailuihin ovat valmiina haasteisiin - Suomen Paimenkoirayhdistys ry","isPartOf":{"@id":"https:\/\/www.spky.fi\/wopr\/#website"},"datePublished":"2019-08-09T19:29:50+00:00","dateModified":"2022-04-24T05:56:27+00:00","breadcrumb":{"@id":"https:\/\/www.spky.fi\/wopr\/suomen-maajoukkueet-paimennuksen-em-ja-pm-kilpailuihin-ovat-valmiina-haasteisiin\/#breadcrumb"},"inLanguage":"fi","potentialAction":[{"@type":"ReadAction","target":["https:\/\/www.spky.fi\/wopr\/suomen-maajoukkueet-paimennuksen-em-ja-pm-kilpailuihin-ovat-valmiina-haasteisiin\/"]}]},{"@type":"BreadcrumbList","@id":"https:\/\/www.spky.fi\/wopr\/suomen-maajoukkueet-paimennuksen-em-ja-pm-kilpailuihin-ovat-valmiina-haasteisiin\/#breadcrumb","itemListElement":[{"@type":"ListItem","position":1,"name":"Etusivu","item":"https:\/\/www.spky.fi\/wopr\/"},{"@type":"ListItem","position":2,"name":"Suomen maajoukkueet paimennuksen EM- ja PM-kilpailuihin ovat valmiina haasteisiin"}]},{"@type":"WebSite","@id":"https:\/\/www.spky.fi\/wopr\/#website","url":"https:\/\/www.spky.fi\/wopr\/","name":"Suomen Paimenkoirayhdistys ry","description":"Suomen Paimenkoirayhdistys edist&auml;&auml; paimenkoirien ty&ouml;k&auml;ytt&ouml;&auml;. Yhdistys auttaa paimenkoirakurssien, harjoitusten, kilpailujen ja n&auml;yt&ouml;sten j&auml;rjest&auml;misess&auml;.","publisher":{"@id":"https:\/\/www.spky.fi\/wopr\/#organization"},"potentialAction":[{"@type":"SearchAction","target":{"@type":"EntryPoint","urlTemplate":"https:\/\/www.spky.fi\/wopr\/?s={search_term_string}"},"query-input":{"@type":"PropertyValueSpecification","valueRequired":true,"valueName":"search_term_string"}}],"inLanguage":"fi"},{"@type":"Organization","@id":"https:\/\/www.spky.fi\/wopr\/#organization","name":"Suomen Paimenkoirayhdistys ry","url":"https:\/\/www.spky.fi\/wopr\/","logo":{"@type":"ImageObject","inLanguage":"fi","@id":"https:\/\/www.spky.fi\/wopr\/#\/schema\/logo\/image\/","url":"https:\/\/www.spky.fi\/wopr\/wp-content\/uploads\/2024\/06\/SPKY_MUVA_PNG.png","contentUrl":"https:\/\/www.spky.fi\/wopr\/wp-content\/uploads\/2024\/06\/SPKY_MUVA_PNG.png","width":3201,"height":3126,"caption":"Suomen Paimenkoirayhdistys ry"},"image":{"@id":"https:\/\/www.spky.fi\/wopr\/#\/schema\/logo\/image\/"},"sameAs":["https:\/\/www.facebook.com\/SuomenPaimenkoirayhdistys"]},{"@type":"Person","@id":"https:\/\/www.spky.fi\/wopr\/#\/schema\/person\/cc57627cdd2d43d6044bc641129ddfb7","name":"Anne Konsti","image":{"@type":"ImageObject","inLanguage":"fi","@id":"https:\/\/secure.gravatar.com\/avatar\/4d7cddae6747800b0a713db84d92a020c2d171aaaca378e3d0ea39ab3396f90c?s=96&d=mm&r=g","url":"https:\/\/secure.gravatar.com\/avatar\/4d7cddae6747800b0a713db84d92a020c2d171aaaca378e3d0ea39ab3396f90c?s=96&d=mm&r=g","contentUrl":"https:\/\/secure.gravatar.com\/avatar\/4d7cddae6747800b0a713db84d92a020c2d171aaaca378e3d0ea39ab3396f90c?s=96&d=mm&r=g","caption":"Anne Konsti"},"url":"https:\/\/www.spky.fi\/wopr\/author\/ak\/"}]}},"jetpack_publicize_connections":[],"jetpack_featured_media_url":"","jetpack_sharing_enabled":true,"jetpack_shortlink":"https:\/\/wp.me\/paLGv4-or","_links":{"self":[{"href":"https:\/\/www.spky.fi\/wopr\/wp-json\/wp\/v2\/posts\/1515","targetHints":{"allow":["GET"]}}],"collection":[{"href":"https:\/\/www.spky.fi\/wopr\/wp-json\/wp\/v2\/posts"}],"about":[{"href":"https:\/\/www.spky.fi\/wopr\/wp-json\/wp\/v2\/types\/post"}],"author":[{"embeddable":true,"href":"https:\/\/www.spky.fi\/wopr\/wp-json\/wp\/v2\/users\/6"}],"replies":[{"embeddable":true,"href":"https:\/\/www.spky.fi\/wopr\/wp-json\/wp\/v2\/comments?post=1515"}],"version-history":[{"count":3,"href":"https:\/\/www.spky.fi\/wopr\/wp-json\/wp\/v2\/posts\/1515\/revisions"}],"predecessor-version":[{"id":3314,"href":"https:\/\/www.spky.fi\/wopr\/wp-json\/wp\/v2\/posts\/1515\/revisions\/3314"}],"wp:attachment":[{"href":"https:\/\/www.spky.fi\/wopr\/wp-json\/wp\/v2\/media?parent=1515"}],"wp:term":[{"taxonomy":"category","embeddable":true,"href":"https:\/\/www.spky.fi\/wopr\/wp-json\/wp\/v2\/categories?post=1515"},{"taxonomy":"post_tag","embeddable":true,"href":"https:\/\/www.spky.fi\/wopr\/wp-json\/wp\/v2\/tags?post=1515"}],"curies":[{"name":"wp","href":"https:\/\/api.w.org\/{rel}","templated":true}]}}