{"id":1536,"date":"2019-08-22T14:40:35","date_gmt":"2019-08-22T14:40:35","guid":{"rendered":"http:\/\/www.spky.fi\/wopr\/?p=1536"},"modified":"2021-12-22T19:55:44","modified_gmt":"2021-12-22T19:55:44","slug":"suomen-maajoukkue-valmiina-paimennuksen-em-kilpailuihin-saksaan","status":"publish","type":"post","link":"https:\/\/www.spky.fi\/wopr\/suomen-maajoukkue-valmiina-paimennuksen-em-kilpailuihin-saksaan\/","title":{"rendered":"Suomen maajoukkue valmiina paimennuksen EM-kilpailuihin Saksaan"},"content":{"rendered":"\n<p>Vuosittain aina loppukes\u00e4st\u00e4 kilpaillaan aina Manner-Euroopan suurin ja t\u00e4rkein paimennustapahtuma: Euroopan mestaruuskilpailut. Maajoukkue on karsittu viime vuoden aikana kilpailtujen karsintojen perusteella. Nykyisell\u00e4\u00e4n kotimainen paimennusk\u00e4rki on hyvin kansainv\u00e4lisell\u00e4 tasolla ja menestymisen mahdollisuudet ovat hyv\u00e4t.<\/p>\n<p><strong>Continentalit eli Manner-Euroopan EM-kilpailut<\/strong> j\u00e4rjestet\u00e4\u00e4n t\u00e4n\u00e4 vuonna Pohjois-Saksassa Wittbekiss\u00e4. Suomesta kilpailuun osallistuu 8 koirakkoa. <strong>Continental Sheepdog Championship\/ EM-kilpailut kilpaillaan to &#8211; su <\/strong><strong>22.\u201325.8.2019<\/strong><strong>. <\/strong><\/p>\n<p><strong>Kisan\u00a0<\/strong>kotisivut l\u00f6ytyv\u00e4t\u00a0<a href=\"https:\/\/www.continental2019.de\/\">www.continental2019.de<\/a> Paikan p\u00e4\u00e4lle on j\u00e4rjestetty paimennuskilpailun oheen mittava maaseututapahtuma. Kilpailusuorituksia pyrit\u00e4\u00e4n striimaamaan kotikatsomoihin.<\/p>\n<p><strong>Suomen EM-maajoukkue 2019 on seuraava:<\/strong><\/p>\n<ol>\n<li>Anja Lehti\u00f6 ja BB Coel, Lieto, kapteeni<\/li>\n<li>Jonna Paasila ja Borderliz Magdalena, Vantaa<\/li>\n<li>Kari Kotikoski ja Sammy, Somero<\/li>\n<li>Anja Lehti\u00f6 ja Kemi Rhemy, Lieto<\/li>\n<li>Michaela Wikberg ja Borderliz Sune, Korsn\u00e4s<\/li>\n<li>Leena Jussila ja Valmis Mulder, Loviisa<\/li>\n<li>Michaela Wikberg ja CMM\u2019s B\u00f6rje, Korsn\u00e4s<\/li>\n<li>Elisa Kotikoski ja Musti, Somero<\/li>\n<\/ol>\n<p><strong>VARALLA<\/strong><\/p>\n<ol>\n<li>Elisa Kotikoski ja Bell, Somero<\/li>\n<li>Minna Eronen ja Nick, Kitee<\/li>\n<\/ol>\n<p>Kolmen p\u00e4iv\u00e4n aikana karsitaan sunnuntain finaaliin jokaisen p\u00e4iv\u00e4n kuusi parasta koirakkoa. Finaalissa kilpailee siten 18 koirakkoa. Karsintap\u00e4ivien rata on tavallista kolmosluokan (Open) rataa vaativampi ja pidempi. Finaalissa tuplahaku ja iso jako testaavat koirien ja ohjaajien henkist\u00e4 ja fyysist\u00e4 kanttia ja parhaista parhaimmat nousevat palkintopallille Pohjois-Saksan h\u00e4m\u00e4rtyv\u00e4ss\u00e4 illassa. Kilpailun tuomitsee kaksi pitk\u00e4n linjan kokenutta brittituomaria, joiden antamat pisteet lasketaan aina kilpailijakohtaisesti yhteen. Nettisivuilla julkaistaan karsintap\u00e4ivin\u00e4 miltei reaaliajassa kilpailijoiden saamat pisteet. Finaalissa pisteit\u00e4 pantataan loppuun saakka.<\/p>\n<p>Saksalaisella t\u00e4sm\u00e4llisyydell\u00e4 kilpailuihin on valmistauduttu hyviss\u00e4 ajoin ja ennakkotieto j\u00e4rjestelyist\u00e4 on ollut erinomaista niin somen kuin tiedotteiden ja nettisivujenkin avulla. Onneksi Keski-Euroopan helteet ovat laantuneet, mutta silti sek\u00e4 lampaiden ett\u00e4 koirien hyvinvointi on etusijalla. Ennen kilpailuja koirat k\u00e4yv\u00e4t l\u00e4pi tarkan el\u00e4inl\u00e4\u00e4k\u00e4rin tarkastuksen ja lampaiden vointia seurataan tiukalla seulalla. Paimennettavien el\u00e4inten sek\u00e4 kilpailevien koirien hyvinvointi on aina etusijalla \u2013 ovathan n\u00e4m\u00e4 koirat korvaamattomia ty\u00f6kavereita ohjaajilleen. Lampaiden omistaja my\u00f6s kokee suurta vastuuta elinkeinostaan. J\u00e4rjest\u00e4j\u00e4 on varautunut \u2013 tuntien Keski-Euroopan kes\u00e4n s\u00e4\u00e4olot \u2013 suurella m\u00e4\u00e4r\u00e4ll\u00e4 lampaita ja yksitt\u00e4inen lammas juoksee kisaradalla vain kerran. Lampaat ovat nuoria texel-risteytysuuhia suurlampuri Wolfgang Albertsenin katraasta.<\/p>\n<p>N\u00e4ihin EM-kilpailuihin osallistuu enn\u00e4tysm\u00e4\u00e4r\u00e4 maita ja kilpailijoita. Suuren osallistujam\u00e4\u00e4r\u00e4n vuoksi t\u00e4m\u00e4n vuoden EM-kilpailuissa ei n\u00e4hd\u00e4 alle 21-vuotiaiden Young Handler kilpailua Saksassa. Ensi vuonna kisat k\u00e4yd\u00e4\u00e4n Sveitsiss\u00e4 poikkeuksellisesti lokakuun alussa. Paimennuksen EM-kilpailut on j\u00e4rjestetty vuosittain 1985 l\u00e4htien ja jokainen j\u00e4senmaa j\u00e4rjest\u00e4nyt kisat vuorollaan. Suomessa EM-kilpailut pidettiin vuonna 2016 Juvalla.<\/p>\n<p>\u00a0<\/p>\n<p>\u00a0<\/p>\n","protected":false},"excerpt":{"rendered":"<p>Vuosittain aina loppukes\u00e4st\u00e4 kilpaillaan aina Manner-Euroopan suurin ja t\u00e4rkein paimennustapahtuma: Euroopan mestaruuskilpailut. Maajoukkue on karsittu viime vuoden aikana kilpailtujen karsintojen perusteella. Nykyisell\u00e4\u00e4n kotimainen paimennusk\u00e4rki on hyvin kansainv\u00e4lisell\u00e4 tasolla ja menestymisen mahdollisuudet ovat hyv\u00e4t. Continentalit eli Manner-Euroopan EM-kilpailut j\u00e4rjestet\u00e4\u00e4n t\u00e4n\u00e4 vuonna Pohjois-Saksassa Wittbekiss\u00e4. Suomesta kilpailuun osallistuu 8 koirakkoa. Continental Sheepdog Championship\/ EM-kilpailut kilpaillaan to &#8211; su &hellip; <a href=\"https:\/\/www.spky.fi\/wopr\/suomen-maajoukkue-valmiina-paimennuksen-em-kilpailuihin-saksaan\/\" class=\"more-link\">Jatka lukemista <span class=\"screen-reader-text\">Suomen maajoukkue valmiina paimennuksen EM-kilpailuihin Saksaan<\/span> <span class=\"meta-nav\">&rarr;<\/span><\/a><\/p>\n","protected":false},"author":6,"featured_media":0,"comment_status":"open","ping_status":"open","sticky":false,"template":"","format":"standard","meta":{"jetpack_post_was_ever_published":false,"_jetpack_newsletter_access":"","_jetpack_dont_email_post_to_subs":false,"_jetpack_newsletter_tier_id":0,"_jetpack_memberships_contains_paywalled_content":false,"_jetpack_memberships_contains_paid_content":false,"footnotes":"","jetpack_publicize_message":"","jetpack_publicize_feature_enabled":true,"jetpack_social_post_already_shared":true,"jetpack_social_options":{"image_generator_settings":{"template":"highway","default_image_id":0,"font":"","enabled":false},"version":2}},"categories":[7],"tags":[],"class_list":["post-1536","post","type-post","status-publish","format-standard","hentry","category-kilpailuasiat"],"yoast_head":"<!-- This site is optimized with the Yoast SEO plugin v27.5 - https:\/\/yoast.com\/product\/yoast-seo-wordpress\/ -->\n<title>Suomen maajoukkue valmiina paimennuksen EM-kilpailuihin Saksaan - Suomen Paimenkoirayhdistys ry<\/title>\n<meta name=\"robots\" content=\"index, follow, max-snippet:-1, max-image-preview:large, max-video-preview:-1\" \/>\n<link rel=\"canonical\" href=\"https:\/\/www.spky.fi\/wopr\/suomen-maajoukkue-valmiina-paimennuksen-em-kilpailuihin-saksaan\/\" \/>\n<meta property=\"og:locale\" content=\"fi_FI\" \/>\n<meta property=\"og:type\" content=\"article\" \/>\n<meta property=\"og:title\" content=\"Suomen maajoukkue valmiina paimennuksen EM-kilpailuihin Saksaan - Suomen Paimenkoirayhdistys ry\" \/>\n<meta property=\"og:description\" content=\"Vuosittain aina loppukes\u00e4st\u00e4 kilpaillaan aina Manner-Euroopan suurin ja t\u00e4rkein paimennustapahtuma: Euroopan mestaruuskilpailut. Maajoukkue on karsittu viime vuoden aikana kilpailtujen karsintojen perusteella. Nykyisell\u00e4\u00e4n kotimainen paimennusk\u00e4rki on hyvin kansainv\u00e4lisell\u00e4 tasolla ja menestymisen mahdollisuudet ovat hyv\u00e4t. Continentalit eli Manner-Euroopan EM-kilpailut j\u00e4rjestet\u00e4\u00e4n t\u00e4n\u00e4 vuonna Pohjois-Saksassa Wittbekiss\u00e4. Suomesta kilpailuun osallistuu 8 koirakkoa. Continental Sheepdog Championship\/ EM-kilpailut kilpaillaan to &#8211; su &hellip; Jatka lukemista Suomen maajoukkue valmiina paimennuksen EM-kilpailuihin Saksaan &rarr;\" \/>\n<meta property=\"og:url\" content=\"https:\/\/www.spky.fi\/wopr\/suomen-maajoukkue-valmiina-paimennuksen-em-kilpailuihin-saksaan\/\" \/>\n<meta property=\"og:site_name\" content=\"Suomen Paimenkoirayhdistys ry\" \/>\n<meta property=\"article:publisher\" content=\"https:\/\/www.facebook.com\/SuomenPaimenkoirayhdistys\" \/>\n<meta property=\"article:published_time\" content=\"2019-08-22T14:40:35+00:00\" \/>\n<meta property=\"article:modified_time\" content=\"2021-12-22T19:55:44+00:00\" \/>\n<meta name=\"author\" content=\"Anne Konsti\" \/>\n<meta name=\"twitter:card\" content=\"summary_large_image\" \/>\n<meta name=\"twitter:label1\" content=\"Kirjoittanut\" \/>\n\t<meta name=\"twitter:data1\" content=\"Anne Konsti\" \/>\n\t<meta name=\"twitter:label2\" content=\"Arvioitu lukuaika\" \/>\n\t<meta name=\"twitter:data2\" content=\"2 minuuttia\" \/>\n<script type=\"application\/ld+json\" class=\"yoast-schema-graph\">{\"@context\":\"https:\\\/\\\/schema.org\",\"@graph\":[{\"@type\":\"Article\",\"@id\":\"https:\\\/\\\/www.spky.fi\\\/wopr\\\/suomen-maajoukkue-valmiina-paimennuksen-em-kilpailuihin-saksaan\\\/#article\",\"isPartOf\":{\"@id\":\"https:\\\/\\\/www.spky.fi\\\/wopr\\\/suomen-maajoukkue-valmiina-paimennuksen-em-kilpailuihin-saksaan\\\/\"},\"author\":{\"name\":\"Anne Konsti\",\"@id\":\"https:\\\/\\\/www.spky.fi\\\/wopr\\\/#\\\/schema\\\/person\\\/cc57627cdd2d43d6044bc641129ddfb7\"},\"headline\":\"Suomen maajoukkue valmiina paimennuksen EM-kilpailuihin Saksaan\",\"datePublished\":\"2019-08-22T14:40:35+00:00\",\"dateModified\":\"2021-12-22T19:55:44+00:00\",\"mainEntityOfPage\":{\"@id\":\"https:\\\/\\\/www.spky.fi\\\/wopr\\\/suomen-maajoukkue-valmiina-paimennuksen-em-kilpailuihin-saksaan\\\/\"},\"wordCount\":417,\"commentCount\":0,\"publisher\":{\"@id\":\"https:\\\/\\\/www.spky.fi\\\/wopr\\\/#organization\"},\"articleSection\":[\"Kilpailuasiat\"],\"inLanguage\":\"fi\",\"potentialAction\":[{\"@type\":\"CommentAction\",\"name\":\"Comment\",\"target\":[\"https:\\\/\\\/www.spky.fi\\\/wopr\\\/suomen-maajoukkue-valmiina-paimennuksen-em-kilpailuihin-saksaan\\\/#respond\"]}]},{\"@type\":\"WebPage\",\"@id\":\"https:\\\/\\\/www.spky.fi\\\/wopr\\\/suomen-maajoukkue-valmiina-paimennuksen-em-kilpailuihin-saksaan\\\/\",\"url\":\"https:\\\/\\\/www.spky.fi\\\/wopr\\\/suomen-maajoukkue-valmiina-paimennuksen-em-kilpailuihin-saksaan\\\/\",\"name\":\"Suomen maajoukkue valmiina paimennuksen EM-kilpailuihin Saksaan - Suomen Paimenkoirayhdistys ry\",\"isPartOf\":{\"@id\":\"https:\\\/\\\/www.spky.fi\\\/wopr\\\/#website\"},\"datePublished\":\"2019-08-22T14:40:35+00:00\",\"dateModified\":\"2021-12-22T19:55:44+00:00\",\"breadcrumb\":{\"@id\":\"https:\\\/\\\/www.spky.fi\\\/wopr\\\/suomen-maajoukkue-valmiina-paimennuksen-em-kilpailuihin-saksaan\\\/#breadcrumb\"},\"inLanguage\":\"fi\",\"potentialAction\":[{\"@type\":\"ReadAction\",\"target\":[\"https:\\\/\\\/www.spky.fi\\\/wopr\\\/suomen-maajoukkue-valmiina-paimennuksen-em-kilpailuihin-saksaan\\\/\"]}]},{\"@type\":\"BreadcrumbList\",\"@id\":\"https:\\\/\\\/www.spky.fi\\\/wopr\\\/suomen-maajoukkue-valmiina-paimennuksen-em-kilpailuihin-saksaan\\\/#breadcrumb\",\"itemListElement\":[{\"@type\":\"ListItem\",\"position\":1,\"name\":\"Etusivu\",\"item\":\"https:\\\/\\\/www.spky.fi\\\/wopr\\\/\"},{\"@type\":\"ListItem\",\"position\":2,\"name\":\"Suomen maajoukkue valmiina paimennuksen EM-kilpailuihin Saksaan\"}]},{\"@type\":\"WebSite\",\"@id\":\"https:\\\/\\\/www.spky.fi\\\/wopr\\\/#website\",\"url\":\"https:\\\/\\\/www.spky.fi\\\/wopr\\\/\",\"name\":\"Suomen Paimenkoirayhdistys ry\",\"description\":\"Suomen Paimenkoirayhdistys edist&auml;&auml; paimenkoirien ty&ouml;k&auml;ytt&ouml;&auml;. Yhdistys auttaa paimenkoirakurssien, harjoitusten, kilpailujen ja n&auml;yt&ouml;sten j&auml;rjest&auml;misess&auml;.\",\"publisher\":{\"@id\":\"https:\\\/\\\/www.spky.fi\\\/wopr\\\/#organization\"},\"potentialAction\":[{\"@type\":\"SearchAction\",\"target\":{\"@type\":\"EntryPoint\",\"urlTemplate\":\"https:\\\/\\\/www.spky.fi\\\/wopr\\\/?s={search_term_string}\"},\"query-input\":{\"@type\":\"PropertyValueSpecification\",\"valueRequired\":true,\"valueName\":\"search_term_string\"}}],\"inLanguage\":\"fi\"},{\"@type\":\"Organization\",\"@id\":\"https:\\\/\\\/www.spky.fi\\\/wopr\\\/#organization\",\"name\":\"Suomen Paimenkoirayhdistys ry\",\"url\":\"https:\\\/\\\/www.spky.fi\\\/wopr\\\/\",\"logo\":{\"@type\":\"ImageObject\",\"inLanguage\":\"fi\",\"@id\":\"https:\\\/\\\/www.spky.fi\\\/wopr\\\/#\\\/schema\\\/logo\\\/image\\\/\",\"url\":\"https:\\\/\\\/www.spky.fi\\\/wopr\\\/wp-content\\\/uploads\\\/2024\\\/06\\\/SPKY_MUVA_PNG.png\",\"contentUrl\":\"https:\\\/\\\/www.spky.fi\\\/wopr\\\/wp-content\\\/uploads\\\/2024\\\/06\\\/SPKY_MUVA_PNG.png\",\"width\":3201,\"height\":3126,\"caption\":\"Suomen Paimenkoirayhdistys ry\"},\"image\":{\"@id\":\"https:\\\/\\\/www.spky.fi\\\/wopr\\\/#\\\/schema\\\/logo\\\/image\\\/\"},\"sameAs\":[\"https:\\\/\\\/www.facebook.com\\\/SuomenPaimenkoirayhdistys\"]},{\"@type\":\"Person\",\"@id\":\"https:\\\/\\\/www.spky.fi\\\/wopr\\\/#\\\/schema\\\/person\\\/cc57627cdd2d43d6044bc641129ddfb7\",\"name\":\"Anne Konsti\",\"image\":{\"@type\":\"ImageObject\",\"inLanguage\":\"fi\",\"@id\":\"https:\\\/\\\/secure.gravatar.com\\\/avatar\\\/4d7cddae6747800b0a713db84d92a020c2d171aaaca378e3d0ea39ab3396f90c?s=96&d=mm&r=g\",\"url\":\"https:\\\/\\\/secure.gravatar.com\\\/avatar\\\/4d7cddae6747800b0a713db84d92a020c2d171aaaca378e3d0ea39ab3396f90c?s=96&d=mm&r=g\",\"contentUrl\":\"https:\\\/\\\/secure.gravatar.com\\\/avatar\\\/4d7cddae6747800b0a713db84d92a020c2d171aaaca378e3d0ea39ab3396f90c?s=96&d=mm&r=g\",\"caption\":\"Anne Konsti\"},\"url\":\"https:\\\/\\\/www.spky.fi\\\/wopr\\\/author\\\/ak\\\/\"}]}<\/script>\n<!-- \/ Yoast SEO plugin. -->","yoast_head_json":{"title":"Suomen maajoukkue valmiina paimennuksen EM-kilpailuihin Saksaan - Suomen Paimenkoirayhdistys ry","robots":{"index":"index","follow":"follow","max-snippet":"max-snippet:-1","max-image-preview":"max-image-preview:large","max-video-preview":"max-video-preview:-1"},"canonical":"https:\/\/www.spky.fi\/wopr\/suomen-maajoukkue-valmiina-paimennuksen-em-kilpailuihin-saksaan\/","og_locale":"fi_FI","og_type":"article","og_title":"Suomen maajoukkue valmiina paimennuksen EM-kilpailuihin Saksaan - Suomen Paimenkoirayhdistys ry","og_description":"Vuosittain aina loppukes\u00e4st\u00e4 kilpaillaan aina Manner-Euroopan suurin ja t\u00e4rkein paimennustapahtuma: Euroopan mestaruuskilpailut. Maajoukkue on karsittu viime vuoden aikana kilpailtujen karsintojen perusteella. Nykyisell\u00e4\u00e4n kotimainen paimennusk\u00e4rki on hyvin kansainv\u00e4lisell\u00e4 tasolla ja menestymisen mahdollisuudet ovat hyv\u00e4t. Continentalit eli Manner-Euroopan EM-kilpailut j\u00e4rjestet\u00e4\u00e4n t\u00e4n\u00e4 vuonna Pohjois-Saksassa Wittbekiss\u00e4. Suomesta kilpailuun osallistuu 8 koirakkoa. Continental Sheepdog Championship\/ EM-kilpailut kilpaillaan to &#8211; su &hellip; Jatka lukemista Suomen maajoukkue valmiina paimennuksen EM-kilpailuihin Saksaan &rarr;","og_url":"https:\/\/www.spky.fi\/wopr\/suomen-maajoukkue-valmiina-paimennuksen-em-kilpailuihin-saksaan\/","og_site_name":"Suomen Paimenkoirayhdistys ry","article_publisher":"https:\/\/www.facebook.com\/SuomenPaimenkoirayhdistys","article_published_time":"2019-08-22T14:40:35+00:00","article_modified_time":"2021-12-22T19:55:44+00:00","author":"Anne Konsti","twitter_card":"summary_large_image","twitter_misc":{"Kirjoittanut":"Anne Konsti","Arvioitu lukuaika":"2 minuuttia"},"schema":{"@context":"https:\/\/schema.org","@graph":[{"@type":"Article","@id":"https:\/\/www.spky.fi\/wopr\/suomen-maajoukkue-valmiina-paimennuksen-em-kilpailuihin-saksaan\/#article","isPartOf":{"@id":"https:\/\/www.spky.fi\/wopr\/suomen-maajoukkue-valmiina-paimennuksen-em-kilpailuihin-saksaan\/"},"author":{"name":"Anne Konsti","@id":"https:\/\/www.spky.fi\/wopr\/#\/schema\/person\/cc57627cdd2d43d6044bc641129ddfb7"},"headline":"Suomen maajoukkue valmiina paimennuksen EM-kilpailuihin Saksaan","datePublished":"2019-08-22T14:40:35+00:00","dateModified":"2021-12-22T19:55:44+00:00","mainEntityOfPage":{"@id":"https:\/\/www.spky.fi\/wopr\/suomen-maajoukkue-valmiina-paimennuksen-em-kilpailuihin-saksaan\/"},"wordCount":417,"commentCount":0,"publisher":{"@id":"https:\/\/www.spky.fi\/wopr\/#organization"},"articleSection":["Kilpailuasiat"],"inLanguage":"fi","potentialAction":[{"@type":"CommentAction","name":"Comment","target":["https:\/\/www.spky.fi\/wopr\/suomen-maajoukkue-valmiina-paimennuksen-em-kilpailuihin-saksaan\/#respond"]}]},{"@type":"WebPage","@id":"https:\/\/www.spky.fi\/wopr\/suomen-maajoukkue-valmiina-paimennuksen-em-kilpailuihin-saksaan\/","url":"https:\/\/www.spky.fi\/wopr\/suomen-maajoukkue-valmiina-paimennuksen-em-kilpailuihin-saksaan\/","name":"Suomen maajoukkue valmiina paimennuksen EM-kilpailuihin Saksaan - Suomen Paimenkoirayhdistys ry","isPartOf":{"@id":"https:\/\/www.spky.fi\/wopr\/#website"},"datePublished":"2019-08-22T14:40:35+00:00","dateModified":"2021-12-22T19:55:44+00:00","breadcrumb":{"@id":"https:\/\/www.spky.fi\/wopr\/suomen-maajoukkue-valmiina-paimennuksen-em-kilpailuihin-saksaan\/#breadcrumb"},"inLanguage":"fi","potentialAction":[{"@type":"ReadAction","target":["https:\/\/www.spky.fi\/wopr\/suomen-maajoukkue-valmiina-paimennuksen-em-kilpailuihin-saksaan\/"]}]},{"@type":"BreadcrumbList","@id":"https:\/\/www.spky.fi\/wopr\/suomen-maajoukkue-valmiina-paimennuksen-em-kilpailuihin-saksaan\/#breadcrumb","itemListElement":[{"@type":"ListItem","position":1,"name":"Etusivu","item":"https:\/\/www.spky.fi\/wopr\/"},{"@type":"ListItem","position":2,"name":"Suomen maajoukkue valmiina paimennuksen EM-kilpailuihin Saksaan"}]},{"@type":"WebSite","@id":"https:\/\/www.spky.fi\/wopr\/#website","url":"https:\/\/www.spky.fi\/wopr\/","name":"Suomen Paimenkoirayhdistys ry","description":"Suomen Paimenkoirayhdistys edist&auml;&auml; paimenkoirien ty&ouml;k&auml;ytt&ouml;&auml;. Yhdistys auttaa paimenkoirakurssien, harjoitusten, kilpailujen ja n&auml;yt&ouml;sten j&auml;rjest&auml;misess&auml;.","publisher":{"@id":"https:\/\/www.spky.fi\/wopr\/#organization"},"potentialAction":[{"@type":"SearchAction","target":{"@type":"EntryPoint","urlTemplate":"https:\/\/www.spky.fi\/wopr\/?s={search_term_string}"},"query-input":{"@type":"PropertyValueSpecification","valueRequired":true,"valueName":"search_term_string"}}],"inLanguage":"fi"},{"@type":"Organization","@id":"https:\/\/www.spky.fi\/wopr\/#organization","name":"Suomen Paimenkoirayhdistys ry","url":"https:\/\/www.spky.fi\/wopr\/","logo":{"@type":"ImageObject","inLanguage":"fi","@id":"https:\/\/www.spky.fi\/wopr\/#\/schema\/logo\/image\/","url":"https:\/\/www.spky.fi\/wopr\/wp-content\/uploads\/2024\/06\/SPKY_MUVA_PNG.png","contentUrl":"https:\/\/www.spky.fi\/wopr\/wp-content\/uploads\/2024\/06\/SPKY_MUVA_PNG.png","width":3201,"height":3126,"caption":"Suomen Paimenkoirayhdistys ry"},"image":{"@id":"https:\/\/www.spky.fi\/wopr\/#\/schema\/logo\/image\/"},"sameAs":["https:\/\/www.facebook.com\/SuomenPaimenkoirayhdistys"]},{"@type":"Person","@id":"https:\/\/www.spky.fi\/wopr\/#\/schema\/person\/cc57627cdd2d43d6044bc641129ddfb7","name":"Anne Konsti","image":{"@type":"ImageObject","inLanguage":"fi","@id":"https:\/\/secure.gravatar.com\/avatar\/4d7cddae6747800b0a713db84d92a020c2d171aaaca378e3d0ea39ab3396f90c?s=96&d=mm&r=g","url":"https:\/\/secure.gravatar.com\/avatar\/4d7cddae6747800b0a713db84d92a020c2d171aaaca378e3d0ea39ab3396f90c?s=96&d=mm&r=g","contentUrl":"https:\/\/secure.gravatar.com\/avatar\/4d7cddae6747800b0a713db84d92a020c2d171aaaca378e3d0ea39ab3396f90c?s=96&d=mm&r=g","caption":"Anne Konsti"},"url":"https:\/\/www.spky.fi\/wopr\/author\/ak\/"}]}},"jetpack_publicize_connections":[],"jetpack_featured_media_url":"","jetpack_sharing_enabled":true,"jetpack_shortlink":"https:\/\/wp.me\/paLGv4-oM","_links":{"self":[{"href":"https:\/\/www.spky.fi\/wopr\/wp-json\/wp\/v2\/posts\/1536","targetHints":{"allow":["GET"]}}],"collection":[{"href":"https:\/\/www.spky.fi\/wopr\/wp-json\/wp\/v2\/posts"}],"about":[{"href":"https:\/\/www.spky.fi\/wopr\/wp-json\/wp\/v2\/types\/post"}],"author":[{"embeddable":true,"href":"https:\/\/www.spky.fi\/wopr\/wp-json\/wp\/v2\/users\/6"}],"replies":[{"embeddable":true,"href":"https:\/\/www.spky.fi\/wopr\/wp-json\/wp\/v2\/comments?post=1536"}],"version-history":[{"count":2,"href":"https:\/\/www.spky.fi\/wopr\/wp-json\/wp\/v2\/posts\/1536\/revisions"}],"predecessor-version":[{"id":3311,"href":"https:\/\/www.spky.fi\/wopr\/wp-json\/wp\/v2\/posts\/1536\/revisions\/3311"}],"wp:attachment":[{"href":"https:\/\/www.spky.fi\/wopr\/wp-json\/wp\/v2\/media?parent=1536"}],"wp:term":[{"taxonomy":"category","embeddable":true,"href":"https:\/\/www.spky.fi\/wopr\/wp-json\/wp\/v2\/categories?post=1536"},{"taxonomy":"post_tag","embeddable":true,"href":"https:\/\/www.spky.fi\/wopr\/wp-json\/wp\/v2\/tags?post=1536"}],"curies":[{"name":"wp","href":"https:\/\/api.w.org\/{rel}","templated":true}]}}