{"id":1651,"date":"2019-10-22T19:45:47","date_gmt":"2019-10-22T19:45:47","guid":{"rendered":"http:\/\/www.spky.fi\/wopr\/?p=1651"},"modified":"2021-12-22T19:36:16","modified_gmt":"2021-12-22T19:36:16","slug":"vuoden-nautapaimen-hakusessa-juvalla-26-27-10-2019","status":"publish","type":"post","link":"https:\/\/www.spky.fi\/wopr\/vuoden-nautapaimen-hakusessa-juvalla-26-27-10-2019\/","title":{"rendered":"Vuoden nautapaimen Tittelist\u00e4 kilpaillaan juvalla 26. \u2013 27.10.2019"},"content":{"rendered":"\n<p>Nautakarjaa paimentavat ty\u00f6koirat kohtaavat ensi viikonloppuna Juvalla, kun Heli Ahonen ja Heikki Teittinen j\u00e4rjest\u00e4v\u00e4t jo yli kahdettatoista kertaa nautapaimennuskilpailut lypsykarjatilallaan. Kisaradassa on samoja elementtej\u00e4 kuin lammaskisoissakin, vaikka nauta jo kokonsa puolesta asettaa hiukan erilaisia vaatimuksia. <br \/><br \/>Kisan aikana nautalauma haetaan, kuljetetaan ennalta m\u00e4\u00e4r\u00e4tty rata, erotellaan el\u00e4imi\u00e4 ja lopuksi h\u00e4kitet\u00e4\u00e4n. Radan suoritukseen on annettu m\u00e4\u00e4r\u00e4aika ja ty\u00f6 t\u00e4ytyy tehd\u00e4 ammattimaisesti ja el\u00e4imi\u00e4 kunnioittaen. Koirat kilpailevat t\u00e4ll\u00e4 kertaa vain korkeammassa eli kakkosluokassa. Molempien p\u00e4ivien suoritusten pisteet ynn\u00e4t\u00e4\u00e4n yhteen ja voittajasta kruunataan sunnuntaina Vuoden nautapaimen, mik\u00e4 on enemminkin huomionosoitus nautapaimentajalle kuin varsinainen, virallinen mestaruustitteli. Vuoden nautapaimeneksi kruunaamisen lis\u00e4ksi peliss\u00e4 on enemm\u00e4n, sill\u00e4 Juvan kilpailuissa karsitaan my\u00f6s Suomen Paimenkoirayhdistyksen nautapaimennuksen EM- ja PM-maajoukkue vuodelle 2020. <br \/><br \/>\u201dNautapaimennus on vahvasti pohjoismainen tapa k\u00e4ytt\u00e4\u00e4 ty\u00f6koiraa. Muualla Euroopassa nautakisoja j\u00e4rjestet\u00e4\u00e4n l\u00e4hinn\u00e4 Ranskassa.\u201d kertoo Heikki Teittinen. \u201dPaimennuksen em\u00e4maassa Brittein saarilla kokoavia rotuja k\u00e4ytet\u00e4\u00e4n p\u00e4\u00e4asiassa vain lampailla. Meill\u00e4 ja muissa Pohjoismaissa, varsinkin Ruotsissa paimennuksessa eniten k\u00e4ytetyt rodut; bordercollie ja working kelpie ty\u00f6skentelev\u00e4t paljon my\u00f6s lypsy- ja emotiloilla. Ruotsissa nautapaimennuskilpailuja on merkitt\u00e4v\u00e4sti enemm\u00e4n kuin muualla ja heid\u00e4n tasonsa on huikea niin kisasuorituksissa kuin kilpailuj\u00e4rjestelyiss\u00e4.\u201d <br \/><br \/>T\u00e4n\u00e4 vuonna Pohjoismaiden mestaruudet ratkottiin Ruotsissa ensimm\u00e4ist\u00e4 kertaa. Osallistujat tulivat vain Ruotsista ja Suomesta. Suomalainen Erik Kuhn ylsi hienosti PM-hopealle Faen kanssa. Kes\u00e4ll\u00e4 Ranskassa j\u00e4rjestettiin Euroopan mestaruuskilpailut ensimm\u00e4ist\u00e4 kertaa naudoilla ja siell\u00e4kin Suomen joukkue onnistui varsin mukavasti.<\/p>\n<p>Nauta on vaativa paimennettava. Kotona usein hommat sujuvat hyvin, kun rutiinit ovat selvill\u00e4 niin koiran, ohjaajan kuin nautojenkin puolesta. Kilpailut on hyv\u00e4 paikka p\u00e4ivitt\u00e4\u00e4 oma osaamistaso ja p\u00e4\u00e4st\u00e4 ty\u00f6skentelem\u00e4\u00e4n vieraassa paikassa vierailla el\u00e4imill\u00e4. Ohjaajan ja koiran v\u00e4linen luottamus ja yhteisty\u00f6 punnitaan uusissa olosuhteissa. Is\u00e4nt\u00e4parin mukaan kotimainen taso nousee joka vuosi. Tilalliset kouluttavat koiriaan enemm\u00e4n ja pidemm\u00e4lle. Vaikka nautakilpailuihin osallistuva koira on usein nautatilan ty\u00f6koira, on osallistujien joukossa my\u00f6s lammaspaimenia ja huippukisaajia. Koirien venyminen useaan ty\u00f6h\u00f6n on h\u00e4kellytt\u00e4v\u00e4\u00e4.<\/p>\n<p>Teittisill\u00e4 pidet\u00e4\u00e4n talvikaudella viikottaisia nautatreenej\u00e4 ja Heikki k\u00e4y my\u00f6s muualla kouluttamassa erilaisilla kurssi- ja teemap\u00e4ivill\u00e4. \u201dToimiva ty\u00f6koira on painonsa arvoinen kultaa. Sen ty\u00f6panos on merkitt\u00e4v\u00e4 tehokkaassa laidunnuksessa, el\u00e4inten k\u00e4sittelyss\u00e4 ja siirroissa. Toimivan paimenkoiran kanssa ty\u00f6skennelless\u00e4 el\u00e4inten karkailukaan ei muodostu ongelmaksi.\u201d<\/p>\n<p>Suomen Paimenkoirayhdistys j\u00e4rjest\u00e4\u00e4 laidunkaudella parisen kymment\u00e4 lammaspaimennuskilpailup\u00e4iv\u00e4\u00e4 vuosittain. Naudoilla kisataan vain 2 \u2013 3 p\u00e4iv\u00e4\u00e4. Teittisen mukaan on silti t\u00e4rke\u00e4\u00e4, ett\u00e4 meill\u00e4 on tarjota edes n\u00e4m\u00e4 muutamat mahdollisuudet nautapaimennuskilpailuihin. Naudoilla t\u00f6it\u00e4 tekevi\u00e4 koiria ja niiden suorituksia saadaan n\u00e4ytille ohjaamaan jalostusk\u00e4ytt\u00f6\u00e4 sek\u00e4 m\u00e4\u00e4ritt\u00e4m\u00e4\u00e4n nautakoirien koulutustarpeita. Ohjaajien karjank\u00e4sittelytaitojen kehittyminen ei sek\u00e4\u00e4n ole pienin syy treenata nautakisoja varten. Kaiken t\u00e4m\u00e4n lis\u00e4ksi kisaaminen on aina el\u00e4mys paimenkoirien k\u00e4ytt\u00e4jille.\u00a0Nyt viikonloppuna starttaa 20 koiraa. Ne tulevat sek\u00e4 nauta- ett\u00e4 lammastiloilta. Mukaan mahtuu my\u00f6s muutama harrastajapaimen. Yleis\u00f6 on tervetullutta tutustumaan ty\u00f6koiriin ja kisasuorituksiin.<\/p>\n<p><strong>NAUTAMAAJOUKKUEEN KARSINTA KAUDELLE 2020<\/strong><\/p>\n<p>Nautamaajoukkue kootaan karsintakilpailuiden perusteella II -luokasta. Karsintakilpailusta saadut pisteet muutetaan suhteellisiksi pisteiksi. Joukkueeseen valitaan koirakot maajoukkueen karsintalistalta pisteiden paremmuus j\u00e4rjestyksess\u00e4. Maajoukkuekarsinta l\u00e4hd\u00f6ss\u00e4 tulee olla v\u00e4hint\u00e4\u00e4n 20 kilpailupaikkaa.<\/p>\n<p><strong>PM-joukkue<\/strong> (kilpailun ajankohta auki, todenn\u00e4k\u00f6isimmin hein\u00e4kuussa Suomessa). PM-joukkueen koko on 10 koirakkoa ja 2 varakoirakkoa.\u00a0<\/p>\n<p>Karsintakilpailuna toimivat Juvan Muumaassa pidett\u00e4v\u00e4t nautakilpailut 26.-27.10.2019. Mukaan lasketaan yksi tulos.<\/p>\n<p><strong>EM-joukkue<\/strong> (kilpailun ajankohta auki, todenn\u00e4k\u00f6isimmin lokakuun 21.-23. pv\u00e4 Ruotsissa). EM-kisajoukkueen koko ei ole viel\u00e4 tiedossa.<\/p>\n<p>PM-karsintakilpailut toimivat my\u00f6s EM-joukkueen karsintakilpailuina, mik\u00e4li toisia EM-karsintakilpailuja ei pystyt\u00e4 jostain syyst\u00e4 j\u00e4rjest\u00e4m\u00e4\u00e4n.<\/p>\n<p>Jos loppuvuodesta 2019 tai my\u00f6hemmin kaudella 2020 j\u00e4rjestet\u00e4\u00e4n toiset kaksip\u00e4iv\u00e4iset karsintakilpailut, lasketaan karsintalistalle 2\/4 tulosta. Karsintakilpailut tulee ilmoittaa viimeist\u00e4\u00e4n toukokuun loppuun menness\u00e4.<\/p>\n<p>Mik\u00e4li toisiin EM-karsintakilpailuihin on osallistujia enemm\u00e4n kuin kilpailuun pystyt\u00e4\u00e4n ottamaan, ovat etusijalla Juvan Muumaan 26.-27.10.2019 kilpailussa tuloksen tehneet koirakot.<\/p>\n","protected":false},"excerpt":{"rendered":"<p>Nautakarjaa paimentavat ty\u00f6koirat kohtaavat ensi viikonloppuna Juvalla, kun Heli Ahonen ja Heikki Teittinen j\u00e4rjest\u00e4v\u00e4t jo yli kahdettatoista kertaa nautapaimennuskilpailut lypsykarjatilallaan. Kisaradassa on samoja elementtej\u00e4 kuin lammaskisoissakin, vaikka nauta jo kokonsa puolesta asettaa hiukan erilaisia vaatimuksia. Kisan aikana nautalauma haetaan, kuljetetaan ennalta m\u00e4\u00e4r\u00e4tty rata, erotellaan el\u00e4imi\u00e4 ja lopuksi h\u00e4kitet\u00e4\u00e4n. Radan suoritukseen on annettu m\u00e4\u00e4r\u00e4aika ja ty\u00f6 &hellip; <a href=\"https:\/\/www.spky.fi\/wopr\/vuoden-nautapaimen-hakusessa-juvalla-26-27-10-2019\/\" class=\"more-link\">Jatka lukemista <span class=\"screen-reader-text\">Vuoden nautapaimen Tittelist\u00e4 kilpaillaan juvalla 26. \u2013 27.10.2019<\/span> <span class=\"meta-nav\">&rarr;<\/span><\/a><\/p>\n","protected":false},"author":6,"featured_media":0,"comment_status":"closed","ping_status":"closed","sticky":false,"template":"","format":"standard","meta":{"jetpack_post_was_ever_published":false,"_jetpack_newsletter_access":"","_jetpack_dont_email_post_to_subs":false,"_jetpack_newsletter_tier_id":0,"_jetpack_memberships_contains_paywalled_content":false,"_jetpack_memberships_contains_paid_content":false,"footnotes":"","jetpack_publicize_message":"","jetpack_publicize_feature_enabled":true,"jetpack_social_post_already_shared":true,"jetpack_social_options":{"image_generator_settings":{"template":"highway","default_image_id":0,"font":"","enabled":false},"version":2}},"categories":[7],"tags":[],"class_list":["post-1651","post","type-post","status-publish","format-standard","hentry","category-kilpailuasiat"],"yoast_head":"<!-- This site is optimized with the Yoast SEO plugin v27.5 - https:\/\/yoast.com\/product\/yoast-seo-wordpress\/ -->\n<title>Vuoden nautapaimen Tittelist\u00e4 kilpaillaan juvalla 26. \u2013 27.10.2019 - Suomen Paimenkoirayhdistys ry<\/title>\n<meta name=\"robots\" content=\"index, follow, max-snippet:-1, max-image-preview:large, max-video-preview:-1\" \/>\n<link rel=\"canonical\" href=\"https:\/\/www.spky.fi\/wopr\/vuoden-nautapaimen-hakusessa-juvalla-26-27-10-2019\/\" \/>\n<meta property=\"og:locale\" content=\"fi_FI\" \/>\n<meta property=\"og:type\" content=\"article\" \/>\n<meta property=\"og:title\" content=\"Vuoden nautapaimen Tittelist\u00e4 kilpaillaan juvalla 26. \u2013 27.10.2019 - Suomen Paimenkoirayhdistys ry\" \/>\n<meta property=\"og:description\" content=\"Nautakarjaa paimentavat ty\u00f6koirat kohtaavat ensi viikonloppuna Juvalla, kun Heli Ahonen ja Heikki Teittinen j\u00e4rjest\u00e4v\u00e4t jo yli kahdettatoista kertaa nautapaimennuskilpailut lypsykarjatilallaan. Kisaradassa on samoja elementtej\u00e4 kuin lammaskisoissakin, vaikka nauta jo kokonsa puolesta asettaa hiukan erilaisia vaatimuksia. Kisan aikana nautalauma haetaan, kuljetetaan ennalta m\u00e4\u00e4r\u00e4tty rata, erotellaan el\u00e4imi\u00e4 ja lopuksi h\u00e4kitet\u00e4\u00e4n. Radan suoritukseen on annettu m\u00e4\u00e4r\u00e4aika ja ty\u00f6 &hellip; Jatka lukemista Vuoden nautapaimen Tittelist\u00e4 kilpaillaan juvalla 26. \u2013 27.10.2019 &rarr;\" \/>\n<meta property=\"og:url\" content=\"https:\/\/www.spky.fi\/wopr\/vuoden-nautapaimen-hakusessa-juvalla-26-27-10-2019\/\" \/>\n<meta property=\"og:site_name\" content=\"Suomen Paimenkoirayhdistys ry\" \/>\n<meta property=\"article:publisher\" content=\"https:\/\/www.facebook.com\/SuomenPaimenkoirayhdistys\" \/>\n<meta property=\"article:published_time\" content=\"2019-10-22T19:45:47+00:00\" \/>\n<meta property=\"article:modified_time\" content=\"2021-12-22T19:36:16+00:00\" \/>\n<meta name=\"author\" content=\"Anne Konsti\" \/>\n<meta name=\"twitter:card\" content=\"summary_large_image\" \/>\n<meta name=\"twitter:label1\" content=\"Kirjoittanut\" \/>\n\t<meta name=\"twitter:data1\" content=\"Anne Konsti\" \/>\n\t<meta name=\"twitter:label2\" content=\"Arvioitu lukuaika\" \/>\n\t<meta name=\"twitter:data2\" content=\"3 minuuttia\" \/>\n<script type=\"application\/ld+json\" class=\"yoast-schema-graph\">{\"@context\":\"https:\\\/\\\/schema.org\",\"@graph\":[{\"@type\":\"Article\",\"@id\":\"https:\\\/\\\/www.spky.fi\\\/wopr\\\/vuoden-nautapaimen-hakusessa-juvalla-26-27-10-2019\\\/#article\",\"isPartOf\":{\"@id\":\"https:\\\/\\\/www.spky.fi\\\/wopr\\\/vuoden-nautapaimen-hakusessa-juvalla-26-27-10-2019\\\/\"},\"author\":{\"name\":\"Anne Konsti\",\"@id\":\"https:\\\/\\\/www.spky.fi\\\/wopr\\\/#\\\/schema\\\/person\\\/cc57627cdd2d43d6044bc641129ddfb7\"},\"headline\":\"Vuoden nautapaimen Tittelist\u00e4 kilpaillaan juvalla 26. \u2013 27.10.2019\",\"datePublished\":\"2019-10-22T19:45:47+00:00\",\"dateModified\":\"2021-12-22T19:36:16+00:00\",\"mainEntityOfPage\":{\"@id\":\"https:\\\/\\\/www.spky.fi\\\/wopr\\\/vuoden-nautapaimen-hakusessa-juvalla-26-27-10-2019\\\/\"},\"wordCount\":650,\"publisher\":{\"@id\":\"https:\\\/\\\/www.spky.fi\\\/wopr\\\/#organization\"},\"articleSection\":[\"Kilpailuasiat\"],\"inLanguage\":\"fi\"},{\"@type\":\"WebPage\",\"@id\":\"https:\\\/\\\/www.spky.fi\\\/wopr\\\/vuoden-nautapaimen-hakusessa-juvalla-26-27-10-2019\\\/\",\"url\":\"https:\\\/\\\/www.spky.fi\\\/wopr\\\/vuoden-nautapaimen-hakusessa-juvalla-26-27-10-2019\\\/\",\"name\":\"Vuoden nautapaimen Tittelist\u00e4 kilpaillaan juvalla 26. \u2013 27.10.2019 - Suomen Paimenkoirayhdistys ry\",\"isPartOf\":{\"@id\":\"https:\\\/\\\/www.spky.fi\\\/wopr\\\/#website\"},\"datePublished\":\"2019-10-22T19:45:47+00:00\",\"dateModified\":\"2021-12-22T19:36:16+00:00\",\"breadcrumb\":{\"@id\":\"https:\\\/\\\/www.spky.fi\\\/wopr\\\/vuoden-nautapaimen-hakusessa-juvalla-26-27-10-2019\\\/#breadcrumb\"},\"inLanguage\":\"fi\",\"potentialAction\":[{\"@type\":\"ReadAction\",\"target\":[\"https:\\\/\\\/www.spky.fi\\\/wopr\\\/vuoden-nautapaimen-hakusessa-juvalla-26-27-10-2019\\\/\"]}]},{\"@type\":\"BreadcrumbList\",\"@id\":\"https:\\\/\\\/www.spky.fi\\\/wopr\\\/vuoden-nautapaimen-hakusessa-juvalla-26-27-10-2019\\\/#breadcrumb\",\"itemListElement\":[{\"@type\":\"ListItem\",\"position\":1,\"name\":\"Etusivu\",\"item\":\"https:\\\/\\\/www.spky.fi\\\/wopr\\\/\"},{\"@type\":\"ListItem\",\"position\":2,\"name\":\"Vuoden nautapaimen Tittelist\u00e4 kilpaillaan juvalla 26. \u2013 27.10.2019\"}]},{\"@type\":\"WebSite\",\"@id\":\"https:\\\/\\\/www.spky.fi\\\/wopr\\\/#website\",\"url\":\"https:\\\/\\\/www.spky.fi\\\/wopr\\\/\",\"name\":\"Suomen Paimenkoirayhdistys ry\",\"description\":\"Suomen Paimenkoirayhdistys edist&auml;&auml; paimenkoirien ty&ouml;k&auml;ytt&ouml;&auml;. Yhdistys auttaa paimenkoirakurssien, harjoitusten, kilpailujen ja n&auml;yt&ouml;sten j&auml;rjest&auml;misess&auml;.\",\"publisher\":{\"@id\":\"https:\\\/\\\/www.spky.fi\\\/wopr\\\/#organization\"},\"potentialAction\":[{\"@type\":\"SearchAction\",\"target\":{\"@type\":\"EntryPoint\",\"urlTemplate\":\"https:\\\/\\\/www.spky.fi\\\/wopr\\\/?s={search_term_string}\"},\"query-input\":{\"@type\":\"PropertyValueSpecification\",\"valueRequired\":true,\"valueName\":\"search_term_string\"}}],\"inLanguage\":\"fi\"},{\"@type\":\"Organization\",\"@id\":\"https:\\\/\\\/www.spky.fi\\\/wopr\\\/#organization\",\"name\":\"Suomen Paimenkoirayhdistys ry\",\"url\":\"https:\\\/\\\/www.spky.fi\\\/wopr\\\/\",\"logo\":{\"@type\":\"ImageObject\",\"inLanguage\":\"fi\",\"@id\":\"https:\\\/\\\/www.spky.fi\\\/wopr\\\/#\\\/schema\\\/logo\\\/image\\\/\",\"url\":\"https:\\\/\\\/www.spky.fi\\\/wopr\\\/wp-content\\\/uploads\\\/2024\\\/06\\\/SPKY_MUVA_PNG.png\",\"contentUrl\":\"https:\\\/\\\/www.spky.fi\\\/wopr\\\/wp-content\\\/uploads\\\/2024\\\/06\\\/SPKY_MUVA_PNG.png\",\"width\":3201,\"height\":3126,\"caption\":\"Suomen Paimenkoirayhdistys ry\"},\"image\":{\"@id\":\"https:\\\/\\\/www.spky.fi\\\/wopr\\\/#\\\/schema\\\/logo\\\/image\\\/\"},\"sameAs\":[\"https:\\\/\\\/www.facebook.com\\\/SuomenPaimenkoirayhdistys\"]},{\"@type\":\"Person\",\"@id\":\"https:\\\/\\\/www.spky.fi\\\/wopr\\\/#\\\/schema\\\/person\\\/cc57627cdd2d43d6044bc641129ddfb7\",\"name\":\"Anne Konsti\",\"image\":{\"@type\":\"ImageObject\",\"inLanguage\":\"fi\",\"@id\":\"https:\\\/\\\/secure.gravatar.com\\\/avatar\\\/4d7cddae6747800b0a713db84d92a020c2d171aaaca378e3d0ea39ab3396f90c?s=96&d=mm&r=g\",\"url\":\"https:\\\/\\\/secure.gravatar.com\\\/avatar\\\/4d7cddae6747800b0a713db84d92a020c2d171aaaca378e3d0ea39ab3396f90c?s=96&d=mm&r=g\",\"contentUrl\":\"https:\\\/\\\/secure.gravatar.com\\\/avatar\\\/4d7cddae6747800b0a713db84d92a020c2d171aaaca378e3d0ea39ab3396f90c?s=96&d=mm&r=g\",\"caption\":\"Anne Konsti\"},\"url\":\"https:\\\/\\\/www.spky.fi\\\/wopr\\\/author\\\/ak\\\/\"}]}<\/script>\n<!-- \/ Yoast SEO plugin. -->","yoast_head_json":{"title":"Vuoden nautapaimen Tittelist\u00e4 kilpaillaan juvalla 26. \u2013 27.10.2019 - Suomen Paimenkoirayhdistys ry","robots":{"index":"index","follow":"follow","max-snippet":"max-snippet:-1","max-image-preview":"max-image-preview:large","max-video-preview":"max-video-preview:-1"},"canonical":"https:\/\/www.spky.fi\/wopr\/vuoden-nautapaimen-hakusessa-juvalla-26-27-10-2019\/","og_locale":"fi_FI","og_type":"article","og_title":"Vuoden nautapaimen Tittelist\u00e4 kilpaillaan juvalla 26. \u2013 27.10.2019 - Suomen Paimenkoirayhdistys ry","og_description":"Nautakarjaa paimentavat ty\u00f6koirat kohtaavat ensi viikonloppuna Juvalla, kun Heli Ahonen ja Heikki Teittinen j\u00e4rjest\u00e4v\u00e4t jo yli kahdettatoista kertaa nautapaimennuskilpailut lypsykarjatilallaan. Kisaradassa on samoja elementtej\u00e4 kuin lammaskisoissakin, vaikka nauta jo kokonsa puolesta asettaa hiukan erilaisia vaatimuksia. Kisan aikana nautalauma haetaan, kuljetetaan ennalta m\u00e4\u00e4r\u00e4tty rata, erotellaan el\u00e4imi\u00e4 ja lopuksi h\u00e4kitet\u00e4\u00e4n. Radan suoritukseen on annettu m\u00e4\u00e4r\u00e4aika ja ty\u00f6 &hellip; Jatka lukemista Vuoden nautapaimen Tittelist\u00e4 kilpaillaan juvalla 26. \u2013 27.10.2019 &rarr;","og_url":"https:\/\/www.spky.fi\/wopr\/vuoden-nautapaimen-hakusessa-juvalla-26-27-10-2019\/","og_site_name":"Suomen Paimenkoirayhdistys ry","article_publisher":"https:\/\/www.facebook.com\/SuomenPaimenkoirayhdistys","article_published_time":"2019-10-22T19:45:47+00:00","article_modified_time":"2021-12-22T19:36:16+00:00","author":"Anne Konsti","twitter_card":"summary_large_image","twitter_misc":{"Kirjoittanut":"Anne Konsti","Arvioitu lukuaika":"3 minuuttia"},"schema":{"@context":"https:\/\/schema.org","@graph":[{"@type":"Article","@id":"https:\/\/www.spky.fi\/wopr\/vuoden-nautapaimen-hakusessa-juvalla-26-27-10-2019\/#article","isPartOf":{"@id":"https:\/\/www.spky.fi\/wopr\/vuoden-nautapaimen-hakusessa-juvalla-26-27-10-2019\/"},"author":{"name":"Anne Konsti","@id":"https:\/\/www.spky.fi\/wopr\/#\/schema\/person\/cc57627cdd2d43d6044bc641129ddfb7"},"headline":"Vuoden nautapaimen Tittelist\u00e4 kilpaillaan juvalla 26. \u2013 27.10.2019","datePublished":"2019-10-22T19:45:47+00:00","dateModified":"2021-12-22T19:36:16+00:00","mainEntityOfPage":{"@id":"https:\/\/www.spky.fi\/wopr\/vuoden-nautapaimen-hakusessa-juvalla-26-27-10-2019\/"},"wordCount":650,"publisher":{"@id":"https:\/\/www.spky.fi\/wopr\/#organization"},"articleSection":["Kilpailuasiat"],"inLanguage":"fi"},{"@type":"WebPage","@id":"https:\/\/www.spky.fi\/wopr\/vuoden-nautapaimen-hakusessa-juvalla-26-27-10-2019\/","url":"https:\/\/www.spky.fi\/wopr\/vuoden-nautapaimen-hakusessa-juvalla-26-27-10-2019\/","name":"Vuoden nautapaimen Tittelist\u00e4 kilpaillaan juvalla 26. \u2013 27.10.2019 - Suomen Paimenkoirayhdistys ry","isPartOf":{"@id":"https:\/\/www.spky.fi\/wopr\/#website"},"datePublished":"2019-10-22T19:45:47+00:00","dateModified":"2021-12-22T19:36:16+00:00","breadcrumb":{"@id":"https:\/\/www.spky.fi\/wopr\/vuoden-nautapaimen-hakusessa-juvalla-26-27-10-2019\/#breadcrumb"},"inLanguage":"fi","potentialAction":[{"@type":"ReadAction","target":["https:\/\/www.spky.fi\/wopr\/vuoden-nautapaimen-hakusessa-juvalla-26-27-10-2019\/"]}]},{"@type":"BreadcrumbList","@id":"https:\/\/www.spky.fi\/wopr\/vuoden-nautapaimen-hakusessa-juvalla-26-27-10-2019\/#breadcrumb","itemListElement":[{"@type":"ListItem","position":1,"name":"Etusivu","item":"https:\/\/www.spky.fi\/wopr\/"},{"@type":"ListItem","position":2,"name":"Vuoden nautapaimen Tittelist\u00e4 kilpaillaan juvalla 26. \u2013 27.10.2019"}]},{"@type":"WebSite","@id":"https:\/\/www.spky.fi\/wopr\/#website","url":"https:\/\/www.spky.fi\/wopr\/","name":"Suomen Paimenkoirayhdistys ry","description":"Suomen Paimenkoirayhdistys edist&auml;&auml; paimenkoirien ty&ouml;k&auml;ytt&ouml;&auml;. Yhdistys auttaa paimenkoirakurssien, harjoitusten, kilpailujen ja n&auml;yt&ouml;sten j&auml;rjest&auml;misess&auml;.","publisher":{"@id":"https:\/\/www.spky.fi\/wopr\/#organization"},"potentialAction":[{"@type":"SearchAction","target":{"@type":"EntryPoint","urlTemplate":"https:\/\/www.spky.fi\/wopr\/?s={search_term_string}"},"query-input":{"@type":"PropertyValueSpecification","valueRequired":true,"valueName":"search_term_string"}}],"inLanguage":"fi"},{"@type":"Organization","@id":"https:\/\/www.spky.fi\/wopr\/#organization","name":"Suomen Paimenkoirayhdistys ry","url":"https:\/\/www.spky.fi\/wopr\/","logo":{"@type":"ImageObject","inLanguage":"fi","@id":"https:\/\/www.spky.fi\/wopr\/#\/schema\/logo\/image\/","url":"https:\/\/www.spky.fi\/wopr\/wp-content\/uploads\/2024\/06\/SPKY_MUVA_PNG.png","contentUrl":"https:\/\/www.spky.fi\/wopr\/wp-content\/uploads\/2024\/06\/SPKY_MUVA_PNG.png","width":3201,"height":3126,"caption":"Suomen Paimenkoirayhdistys ry"},"image":{"@id":"https:\/\/www.spky.fi\/wopr\/#\/schema\/logo\/image\/"},"sameAs":["https:\/\/www.facebook.com\/SuomenPaimenkoirayhdistys"]},{"@type":"Person","@id":"https:\/\/www.spky.fi\/wopr\/#\/schema\/person\/cc57627cdd2d43d6044bc641129ddfb7","name":"Anne Konsti","image":{"@type":"ImageObject","inLanguage":"fi","@id":"https:\/\/secure.gravatar.com\/avatar\/4d7cddae6747800b0a713db84d92a020c2d171aaaca378e3d0ea39ab3396f90c?s=96&d=mm&r=g","url":"https:\/\/secure.gravatar.com\/avatar\/4d7cddae6747800b0a713db84d92a020c2d171aaaca378e3d0ea39ab3396f90c?s=96&d=mm&r=g","contentUrl":"https:\/\/secure.gravatar.com\/avatar\/4d7cddae6747800b0a713db84d92a020c2d171aaaca378e3d0ea39ab3396f90c?s=96&d=mm&r=g","caption":"Anne Konsti"},"url":"https:\/\/www.spky.fi\/wopr\/author\/ak\/"}]}},"jetpack_publicize_connections":[],"jetpack_featured_media_url":"","jetpack_sharing_enabled":true,"jetpack_shortlink":"https:\/\/wp.me\/paLGv4-qD","_links":{"self":[{"href":"https:\/\/www.spky.fi\/wopr\/wp-json\/wp\/v2\/posts\/1651","targetHints":{"allow":["GET"]}}],"collection":[{"href":"https:\/\/www.spky.fi\/wopr\/wp-json\/wp\/v2\/posts"}],"about":[{"href":"https:\/\/www.spky.fi\/wopr\/wp-json\/wp\/v2\/types\/post"}],"author":[{"embeddable":true,"href":"https:\/\/www.spky.fi\/wopr\/wp-json\/wp\/v2\/users\/6"}],"replies":[{"embeddable":true,"href":"https:\/\/www.spky.fi\/wopr\/wp-json\/wp\/v2\/comments?post=1651"}],"version-history":[{"count":7,"href":"https:\/\/www.spky.fi\/wopr\/wp-json\/wp\/v2\/posts\/1651\/revisions"}],"predecessor-version":[{"id":1665,"href":"https:\/\/www.spky.fi\/wopr\/wp-json\/wp\/v2\/posts\/1651\/revisions\/1665"}],"wp:attachment":[{"href":"https:\/\/www.spky.fi\/wopr\/wp-json\/wp\/v2\/media?parent=1651"}],"wp:term":[{"taxonomy":"category","embeddable":true,"href":"https:\/\/www.spky.fi\/wopr\/wp-json\/wp\/v2\/categories?post=1651"},{"taxonomy":"post_tag","embeddable":true,"href":"https:\/\/www.spky.fi\/wopr\/wp-json\/wp\/v2\/tags?post=1651"}],"curies":[{"name":"wp","href":"https:\/\/api.w.org\/{rel}","templated":true}]}}