{"id":1722,"date":"2019-12-06T15:49:39","date_gmt":"2019-12-06T15:49:39","guid":{"rendered":"http:\/\/www.spky.fi\/wopr\/?p=1722"},"modified":"2024-09-14T19:06:51","modified_gmt":"2024-09-14T19:06:51","slug":"hallitus-tiedottaa-jalostus-ja-rekisterointiasioista","status":"publish","type":"post","link":"https:\/\/www.spky.fi\/wopr\/hallitus-tiedottaa-jalostus-ja-rekisterointiasioista\/","title":{"rendered":"Hallitus tiedottaa jalostus- ja rekister\u00f6intiasioista"},"content":{"rendered":"\n<p>Jalostustoimikunta teki esitykset hallitukselle, joka p\u00e4\u00e4tti seuraavat asiat:<br \/>Voimassa 1.1.2020 alkaen<br \/>1. Rekister\u00f6intimaksu<br \/>Pentueen rekister\u00f6inti ajoissa s\u00e4\u00e4st\u00e4\u00e4 rekisterinpit\u00e4jien, pentueiden kasvattajien ja pennunostajien aikaa. Jatkossa pentujen rekister\u00f6inti menee nykyisell\u00e4 hinnalla (10 e \/ pentu) pentujen 4 kk ik\u00e4\u00e4n asti, sen j\u00e4lkeen pentueen rekister\u00f6intimaksu on kaksinkertainen (20 e \/ pentu).\u00a0<\/p>\n<p>2. Jalostustoimikunta suosittelee, ett\u00e4 kaikkien bordercollieiden sel\u00e4t kuvataan ennen toista pentuetta. Selk\u00e4kuvista on saanut virallisen lausunnon vasta muutaman vuoden ajan. Lis\u00e4\u00e4 tietoa kaivattaisiin jalostuksen tueksi, jotta tiedet\u00e4\u00e4n, miten yleisi\u00e4 selk\u00e4muutokset ovat bordercolliepopulaatiossa Suomessa. Oireilevat koirat kuvataan herk\u00e4sti, mutta silloin tulee esille vain j\u00e4\u00e4vuoren huippu.<\/p>\n<p>Viralliset luustokuvat voidaan ottaa koiran ollessa v\u00e4hint\u00e4\u00e4n 12 kk ik\u00e4inen, t\u00e4ll\u00f6in selk\u00e4kuvista voidaan ottaa LTV (v\u00e4limuotoinen lanne-ristinikama) ja VA (nikamien ep\u00e4muotoisuus). Kuvaushetkell\u00e4 yli 24 kk vanhoille koirille voidaan lis\u00e4ksi lausua SP (spondyloosi).<br \/>SPKY:n rekisteriss\u00e4 olevien koirien selk\u00e4kuvia lausuu INCOC ja SKL lausuu kennelliiton, ISDS, WKC rekistereiden koirat. Lis\u00e4tietoa luustokuvista on luettavissa Paimenpostissa 1\/2019 ja <a href=\"https:\/\/www.spky.fi\/wopr\/terveystutkimukset\/\">nettisivuilta.<\/a><br \/>Kelpieill\u00e4 jalostusluokan terveysvaatimuksena on ollut sel\u00e4n LTV-kuvaustulos 1.7.2015 alkaen.<\/p>\n","protected":false},"excerpt":{"rendered":"<p>Jalostustoimikunta teki esitykset hallitukselle, joka p\u00e4\u00e4tti seuraavat asiat:Voimassa 1.1.2020 alkaen1. Rekister\u00f6intimaksuPentueen rekister\u00f6inti ajoissa s\u00e4\u00e4st\u00e4\u00e4 rekisterinpit\u00e4jien, pentueiden kasvattajien ja pennunostajien aikaa. Jatkossa pentujen rekister\u00f6inti menee nykyisell\u00e4 hinnalla (10 e \/ pentu) pentujen 4 kk ik\u00e4\u00e4n asti, sen j\u00e4lkeen pentueen rekister\u00f6intimaksu on kaksinkertainen (20 e \/ pentu).\u00a0 2. Jalostustoimikunta suosittelee, ett\u00e4 kaikkien bordercollieiden sel\u00e4t kuvataan ennen toista &hellip; <a href=\"https:\/\/www.spky.fi\/wopr\/hallitus-tiedottaa-jalostus-ja-rekisterointiasioista\/\" class=\"more-link\">Jatka lukemista <span class=\"screen-reader-text\">Hallitus tiedottaa jalostus- ja rekister\u00f6intiasioista<\/span> <span class=\"meta-nav\">&rarr;<\/span><\/a><\/p>\n","protected":false},"author":2,"featured_media":0,"comment_status":"closed","ping_status":"open","sticky":false,"template":"","format":"standard","meta":{"jetpack_post_was_ever_published":false,"_jetpack_newsletter_access":"","_jetpack_dont_email_post_to_subs":false,"_jetpack_newsletter_tier_id":0,"_jetpack_memberships_contains_paywalled_content":false,"_jetpack_memberships_contains_paid_content":false,"footnotes":"","jetpack_publicize_message":"","jetpack_publicize_feature_enabled":true,"jetpack_social_post_already_shared":true,"jetpack_social_options":{"image_generator_settings":{"template":"highway","default_image_id":0,"font":"","enabled":false},"version":2}},"categories":[5],"tags":[],"class_list":["post-1722","post","type-post","status-publish","format-standard","hentry","category-hallitus-tiedottaa"],"yoast_head":"<!-- This site is optimized with the Yoast SEO plugin v27.5 - https:\/\/yoast.com\/product\/yoast-seo-wordpress\/ -->\n<title>Hallitus tiedottaa jalostus- ja rekister\u00f6intiasioista - Suomen Paimenkoirayhdistys ry<\/title>\n<meta name=\"robots\" content=\"index, follow, max-snippet:-1, max-image-preview:large, max-video-preview:-1\" \/>\n<link rel=\"canonical\" href=\"https:\/\/www.spky.fi\/wopr\/hallitus-tiedottaa-jalostus-ja-rekisterointiasioista\/\" \/>\n<meta property=\"og:locale\" content=\"fi_FI\" \/>\n<meta property=\"og:type\" content=\"article\" \/>\n<meta property=\"og:title\" content=\"Hallitus tiedottaa jalostus- ja rekister\u00f6intiasioista - Suomen Paimenkoirayhdistys ry\" \/>\n<meta property=\"og:description\" content=\"Jalostustoimikunta teki esitykset hallitukselle, joka p\u00e4\u00e4tti seuraavat asiat:Voimassa 1.1.2020 alkaen1. Rekister\u00f6intimaksuPentueen rekister\u00f6inti ajoissa s\u00e4\u00e4st\u00e4\u00e4 rekisterinpit\u00e4jien, pentueiden kasvattajien ja pennunostajien aikaa. Jatkossa pentujen rekister\u00f6inti menee nykyisell\u00e4 hinnalla (10 e \/ pentu) pentujen 4 kk ik\u00e4\u00e4n asti, sen j\u00e4lkeen pentueen rekister\u00f6intimaksu on kaksinkertainen (20 e \/ pentu).\u00a0 2. Jalostustoimikunta suosittelee, ett\u00e4 kaikkien bordercollieiden sel\u00e4t kuvataan ennen toista &hellip; Jatka lukemista Hallitus tiedottaa jalostus- ja rekister\u00f6intiasioista &rarr;\" \/>\n<meta property=\"og:url\" content=\"https:\/\/www.spky.fi\/wopr\/hallitus-tiedottaa-jalostus-ja-rekisterointiasioista\/\" \/>\n<meta property=\"og:site_name\" content=\"Suomen Paimenkoirayhdistys ry\" \/>\n<meta property=\"article:publisher\" content=\"https:\/\/www.facebook.com\/SuomenPaimenkoirayhdistys\" \/>\n<meta property=\"article:published_time\" content=\"2019-12-06T15:49:39+00:00\" \/>\n<meta property=\"article:modified_time\" content=\"2024-09-14T19:06:51+00:00\" \/>\n<meta name=\"author\" content=\"Maarit Ky\u00f6stil\u00e4\" \/>\n<meta name=\"twitter:card\" content=\"summary_large_image\" \/>\n<meta name=\"twitter:label1\" content=\"Kirjoittanut\" \/>\n\t<meta name=\"twitter:data1\" content=\"Maarit Ky\u00f6stil\u00e4\" \/>\n\t<meta name=\"twitter:label2\" content=\"Arvioitu lukuaika\" \/>\n\t<meta name=\"twitter:data2\" content=\"1 minuutti\" \/>\n<script type=\"application\/ld+json\" class=\"yoast-schema-graph\">{\"@context\":\"https:\\\/\\\/schema.org\",\"@graph\":[{\"@type\":\"Article\",\"@id\":\"https:\\\/\\\/www.spky.fi\\\/wopr\\\/hallitus-tiedottaa-jalostus-ja-rekisterointiasioista\\\/#article\",\"isPartOf\":{\"@id\":\"https:\\\/\\\/www.spky.fi\\\/wopr\\\/hallitus-tiedottaa-jalostus-ja-rekisterointiasioista\\\/\"},\"author\":{\"name\":\"Maarit Ky\u00f6stil\u00e4\",\"@id\":\"https:\\\/\\\/www.spky.fi\\\/wopr\\\/#\\\/schema\\\/person\\\/d0b626688c21187b8422cadfb94df844\"},\"headline\":\"Hallitus tiedottaa jalostus- ja rekister\u00f6intiasioista\",\"datePublished\":\"2019-12-06T15:49:39+00:00\",\"dateModified\":\"2024-09-14T19:06:51+00:00\",\"mainEntityOfPage\":{\"@id\":\"https:\\\/\\\/www.spky.fi\\\/wopr\\\/hallitus-tiedottaa-jalostus-ja-rekisterointiasioista\\\/\"},\"wordCount\":177,\"publisher\":{\"@id\":\"https:\\\/\\\/www.spky.fi\\\/wopr\\\/#organization\"},\"articleSection\":[\"Hallitus tiedottaa\"],\"inLanguage\":\"fi\"},{\"@type\":\"WebPage\",\"@id\":\"https:\\\/\\\/www.spky.fi\\\/wopr\\\/hallitus-tiedottaa-jalostus-ja-rekisterointiasioista\\\/\",\"url\":\"https:\\\/\\\/www.spky.fi\\\/wopr\\\/hallitus-tiedottaa-jalostus-ja-rekisterointiasioista\\\/\",\"name\":\"Hallitus tiedottaa jalostus- ja rekister\u00f6intiasioista - Suomen Paimenkoirayhdistys ry\",\"isPartOf\":{\"@id\":\"https:\\\/\\\/www.spky.fi\\\/wopr\\\/#website\"},\"datePublished\":\"2019-12-06T15:49:39+00:00\",\"dateModified\":\"2024-09-14T19:06:51+00:00\",\"breadcrumb\":{\"@id\":\"https:\\\/\\\/www.spky.fi\\\/wopr\\\/hallitus-tiedottaa-jalostus-ja-rekisterointiasioista\\\/#breadcrumb\"},\"inLanguage\":\"fi\",\"potentialAction\":[{\"@type\":\"ReadAction\",\"target\":[\"https:\\\/\\\/www.spky.fi\\\/wopr\\\/hallitus-tiedottaa-jalostus-ja-rekisterointiasioista\\\/\"]}]},{\"@type\":\"BreadcrumbList\",\"@id\":\"https:\\\/\\\/www.spky.fi\\\/wopr\\\/hallitus-tiedottaa-jalostus-ja-rekisterointiasioista\\\/#breadcrumb\",\"itemListElement\":[{\"@type\":\"ListItem\",\"position\":1,\"name\":\"Etusivu\",\"item\":\"https:\\\/\\\/www.spky.fi\\\/wopr\\\/\"},{\"@type\":\"ListItem\",\"position\":2,\"name\":\"Hallitus tiedottaa jalostus- ja rekister\u00f6intiasioista\"}]},{\"@type\":\"WebSite\",\"@id\":\"https:\\\/\\\/www.spky.fi\\\/wopr\\\/#website\",\"url\":\"https:\\\/\\\/www.spky.fi\\\/wopr\\\/\",\"name\":\"Suomen Paimenkoirayhdistys ry\",\"description\":\"Suomen Paimenkoirayhdistys edist&auml;&auml; paimenkoirien ty&ouml;k&auml;ytt&ouml;&auml;. Yhdistys auttaa paimenkoirakurssien, harjoitusten, kilpailujen ja n&auml;yt&ouml;sten j&auml;rjest&auml;misess&auml;.\",\"publisher\":{\"@id\":\"https:\\\/\\\/www.spky.fi\\\/wopr\\\/#organization\"},\"potentialAction\":[{\"@type\":\"SearchAction\",\"target\":{\"@type\":\"EntryPoint\",\"urlTemplate\":\"https:\\\/\\\/www.spky.fi\\\/wopr\\\/?s={search_term_string}\"},\"query-input\":{\"@type\":\"PropertyValueSpecification\",\"valueRequired\":true,\"valueName\":\"search_term_string\"}}],\"inLanguage\":\"fi\"},{\"@type\":\"Organization\",\"@id\":\"https:\\\/\\\/www.spky.fi\\\/wopr\\\/#organization\",\"name\":\"Suomen Paimenkoirayhdistys ry\",\"url\":\"https:\\\/\\\/www.spky.fi\\\/wopr\\\/\",\"logo\":{\"@type\":\"ImageObject\",\"inLanguage\":\"fi\",\"@id\":\"https:\\\/\\\/www.spky.fi\\\/wopr\\\/#\\\/schema\\\/logo\\\/image\\\/\",\"url\":\"https:\\\/\\\/www.spky.fi\\\/wopr\\\/wp-content\\\/uploads\\\/2024\\\/06\\\/SPKY_MUVA_PNG.png\",\"contentUrl\":\"https:\\\/\\\/www.spky.fi\\\/wopr\\\/wp-content\\\/uploads\\\/2024\\\/06\\\/SPKY_MUVA_PNG.png\",\"width\":3201,\"height\":3126,\"caption\":\"Suomen Paimenkoirayhdistys ry\"},\"image\":{\"@id\":\"https:\\\/\\\/www.spky.fi\\\/wopr\\\/#\\\/schema\\\/logo\\\/image\\\/\"},\"sameAs\":[\"https:\\\/\\\/www.facebook.com\\\/SuomenPaimenkoirayhdistys\"]},{\"@type\":\"Person\",\"@id\":\"https:\\\/\\\/www.spky.fi\\\/wopr\\\/#\\\/schema\\\/person\\\/d0b626688c21187b8422cadfb94df844\",\"name\":\"Maarit Ky\u00f6stil\u00e4\",\"image\":{\"@type\":\"ImageObject\",\"inLanguage\":\"fi\",\"@id\":\"https:\\\/\\\/secure.gravatar.com\\\/avatar\\\/abc091421fe05d2282e88d28368bc4c4dbf4dbaee74d9958fd1f71a73d26eb98?s=96&d=mm&r=g\",\"url\":\"https:\\\/\\\/secure.gravatar.com\\\/avatar\\\/abc091421fe05d2282e88d28368bc4c4dbf4dbaee74d9958fd1f71a73d26eb98?s=96&d=mm&r=g\",\"contentUrl\":\"https:\\\/\\\/secure.gravatar.com\\\/avatar\\\/abc091421fe05d2282e88d28368bc4c4dbf4dbaee74d9958fd1f71a73d26eb98?s=96&d=mm&r=g\",\"caption\":\"Maarit Ky\u00f6stil\u00e4\"},\"url\":\"https:\\\/\\\/www.spky.fi\\\/wopr\\\/author\\\/mk\\\/\"}]}<\/script>\n<!-- \/ Yoast SEO plugin. -->","yoast_head_json":{"title":"Hallitus tiedottaa jalostus- ja rekister\u00f6intiasioista - Suomen Paimenkoirayhdistys ry","robots":{"index":"index","follow":"follow","max-snippet":"max-snippet:-1","max-image-preview":"max-image-preview:large","max-video-preview":"max-video-preview:-1"},"canonical":"https:\/\/www.spky.fi\/wopr\/hallitus-tiedottaa-jalostus-ja-rekisterointiasioista\/","og_locale":"fi_FI","og_type":"article","og_title":"Hallitus tiedottaa jalostus- ja rekister\u00f6intiasioista - Suomen Paimenkoirayhdistys ry","og_description":"Jalostustoimikunta teki esitykset hallitukselle, joka p\u00e4\u00e4tti seuraavat asiat:Voimassa 1.1.2020 alkaen1. Rekister\u00f6intimaksuPentueen rekister\u00f6inti ajoissa s\u00e4\u00e4st\u00e4\u00e4 rekisterinpit\u00e4jien, pentueiden kasvattajien ja pennunostajien aikaa. Jatkossa pentujen rekister\u00f6inti menee nykyisell\u00e4 hinnalla (10 e \/ pentu) pentujen 4 kk ik\u00e4\u00e4n asti, sen j\u00e4lkeen pentueen rekister\u00f6intimaksu on kaksinkertainen (20 e \/ pentu).\u00a0 2. Jalostustoimikunta suosittelee, ett\u00e4 kaikkien bordercollieiden sel\u00e4t kuvataan ennen toista &hellip; Jatka lukemista Hallitus tiedottaa jalostus- ja rekister\u00f6intiasioista &rarr;","og_url":"https:\/\/www.spky.fi\/wopr\/hallitus-tiedottaa-jalostus-ja-rekisterointiasioista\/","og_site_name":"Suomen Paimenkoirayhdistys ry","article_publisher":"https:\/\/www.facebook.com\/SuomenPaimenkoirayhdistys","article_published_time":"2019-12-06T15:49:39+00:00","article_modified_time":"2024-09-14T19:06:51+00:00","author":"Maarit Ky\u00f6stil\u00e4","twitter_card":"summary_large_image","twitter_misc":{"Kirjoittanut":"Maarit Ky\u00f6stil\u00e4","Arvioitu lukuaika":"1 minuutti"},"schema":{"@context":"https:\/\/schema.org","@graph":[{"@type":"Article","@id":"https:\/\/www.spky.fi\/wopr\/hallitus-tiedottaa-jalostus-ja-rekisterointiasioista\/#article","isPartOf":{"@id":"https:\/\/www.spky.fi\/wopr\/hallitus-tiedottaa-jalostus-ja-rekisterointiasioista\/"},"author":{"name":"Maarit Ky\u00f6stil\u00e4","@id":"https:\/\/www.spky.fi\/wopr\/#\/schema\/person\/d0b626688c21187b8422cadfb94df844"},"headline":"Hallitus tiedottaa jalostus- ja rekister\u00f6intiasioista","datePublished":"2019-12-06T15:49:39+00:00","dateModified":"2024-09-14T19:06:51+00:00","mainEntityOfPage":{"@id":"https:\/\/www.spky.fi\/wopr\/hallitus-tiedottaa-jalostus-ja-rekisterointiasioista\/"},"wordCount":177,"publisher":{"@id":"https:\/\/www.spky.fi\/wopr\/#organization"},"articleSection":["Hallitus tiedottaa"],"inLanguage":"fi"},{"@type":"WebPage","@id":"https:\/\/www.spky.fi\/wopr\/hallitus-tiedottaa-jalostus-ja-rekisterointiasioista\/","url":"https:\/\/www.spky.fi\/wopr\/hallitus-tiedottaa-jalostus-ja-rekisterointiasioista\/","name":"Hallitus tiedottaa jalostus- ja rekister\u00f6intiasioista - Suomen Paimenkoirayhdistys ry","isPartOf":{"@id":"https:\/\/www.spky.fi\/wopr\/#website"},"datePublished":"2019-12-06T15:49:39+00:00","dateModified":"2024-09-14T19:06:51+00:00","breadcrumb":{"@id":"https:\/\/www.spky.fi\/wopr\/hallitus-tiedottaa-jalostus-ja-rekisterointiasioista\/#breadcrumb"},"inLanguage":"fi","potentialAction":[{"@type":"ReadAction","target":["https:\/\/www.spky.fi\/wopr\/hallitus-tiedottaa-jalostus-ja-rekisterointiasioista\/"]}]},{"@type":"BreadcrumbList","@id":"https:\/\/www.spky.fi\/wopr\/hallitus-tiedottaa-jalostus-ja-rekisterointiasioista\/#breadcrumb","itemListElement":[{"@type":"ListItem","position":1,"name":"Etusivu","item":"https:\/\/www.spky.fi\/wopr\/"},{"@type":"ListItem","position":2,"name":"Hallitus tiedottaa jalostus- ja rekister\u00f6intiasioista"}]},{"@type":"WebSite","@id":"https:\/\/www.spky.fi\/wopr\/#website","url":"https:\/\/www.spky.fi\/wopr\/","name":"Suomen Paimenkoirayhdistys ry","description":"Suomen Paimenkoirayhdistys edist&auml;&auml; paimenkoirien ty&ouml;k&auml;ytt&ouml;&auml;. Yhdistys auttaa paimenkoirakurssien, harjoitusten, kilpailujen ja n&auml;yt&ouml;sten j&auml;rjest&auml;misess&auml;.","publisher":{"@id":"https:\/\/www.spky.fi\/wopr\/#organization"},"potentialAction":[{"@type":"SearchAction","target":{"@type":"EntryPoint","urlTemplate":"https:\/\/www.spky.fi\/wopr\/?s={search_term_string}"},"query-input":{"@type":"PropertyValueSpecification","valueRequired":true,"valueName":"search_term_string"}}],"inLanguage":"fi"},{"@type":"Organization","@id":"https:\/\/www.spky.fi\/wopr\/#organization","name":"Suomen Paimenkoirayhdistys ry","url":"https:\/\/www.spky.fi\/wopr\/","logo":{"@type":"ImageObject","inLanguage":"fi","@id":"https:\/\/www.spky.fi\/wopr\/#\/schema\/logo\/image\/","url":"https:\/\/www.spky.fi\/wopr\/wp-content\/uploads\/2024\/06\/SPKY_MUVA_PNG.png","contentUrl":"https:\/\/www.spky.fi\/wopr\/wp-content\/uploads\/2024\/06\/SPKY_MUVA_PNG.png","width":3201,"height":3126,"caption":"Suomen Paimenkoirayhdistys ry"},"image":{"@id":"https:\/\/www.spky.fi\/wopr\/#\/schema\/logo\/image\/"},"sameAs":["https:\/\/www.facebook.com\/SuomenPaimenkoirayhdistys"]},{"@type":"Person","@id":"https:\/\/www.spky.fi\/wopr\/#\/schema\/person\/d0b626688c21187b8422cadfb94df844","name":"Maarit Ky\u00f6stil\u00e4","image":{"@type":"ImageObject","inLanguage":"fi","@id":"https:\/\/secure.gravatar.com\/avatar\/abc091421fe05d2282e88d28368bc4c4dbf4dbaee74d9958fd1f71a73d26eb98?s=96&d=mm&r=g","url":"https:\/\/secure.gravatar.com\/avatar\/abc091421fe05d2282e88d28368bc4c4dbf4dbaee74d9958fd1f71a73d26eb98?s=96&d=mm&r=g","contentUrl":"https:\/\/secure.gravatar.com\/avatar\/abc091421fe05d2282e88d28368bc4c4dbf4dbaee74d9958fd1f71a73d26eb98?s=96&d=mm&r=g","caption":"Maarit Ky\u00f6stil\u00e4"},"url":"https:\/\/www.spky.fi\/wopr\/author\/mk\/"}]}},"jetpack_publicize_connections":[],"jetpack_featured_media_url":"","jetpack_sharing_enabled":true,"jetpack_shortlink":"https:\/\/wp.me\/paLGv4-rM","_links":{"self":[{"href":"https:\/\/www.spky.fi\/wopr\/wp-json\/wp\/v2\/posts\/1722","targetHints":{"allow":["GET"]}}],"collection":[{"href":"https:\/\/www.spky.fi\/wopr\/wp-json\/wp\/v2\/posts"}],"about":[{"href":"https:\/\/www.spky.fi\/wopr\/wp-json\/wp\/v2\/types\/post"}],"author":[{"embeddable":true,"href":"https:\/\/www.spky.fi\/wopr\/wp-json\/wp\/v2\/users\/2"}],"replies":[{"embeddable":true,"href":"https:\/\/www.spky.fi\/wopr\/wp-json\/wp\/v2\/comments?post=1722"}],"version-history":[{"count":3,"href":"https:\/\/www.spky.fi\/wopr\/wp-json\/wp\/v2\/posts\/1722\/revisions"}],"predecessor-version":[{"id":1725,"href":"https:\/\/www.spky.fi\/wopr\/wp-json\/wp\/v2\/posts\/1722\/revisions\/1725"}],"wp:attachment":[{"href":"https:\/\/www.spky.fi\/wopr\/wp-json\/wp\/v2\/media?parent=1722"}],"wp:term":[{"taxonomy":"category","embeddable":true,"href":"https:\/\/www.spky.fi\/wopr\/wp-json\/wp\/v2\/categories?post=1722"},{"taxonomy":"post_tag","embeddable":true,"href":"https:\/\/www.spky.fi\/wopr\/wp-json\/wp\/v2\/tags?post=1722"}],"curies":[{"name":"wp","href":"https:\/\/api.w.org\/{rel}","templated":true}]}}