{"id":1926,"date":"2020-04-27T18:12:44","date_gmt":"2020-04-27T18:12:44","guid":{"rendered":"http:\/\/www.spky.fi\/wopr\/?p=1926"},"modified":"2020-04-27T18:12:44","modified_gmt":"2020-04-27T18:12:44","slug":"hallitus-tiedottaa-koronatilanteesta-ja-lisayksista-kilpailu-ja-perusratasaantoihin","status":"publish","type":"post","link":"https:\/\/www.spky.fi\/wopr\/hallitus-tiedottaa-koronatilanteesta-ja-lisayksista-kilpailu-ja-perusratasaantoihin\/","title":{"rendered":"Hallitus tiedottaa koronatilanteesta ja lis\u00e4yksist\u00e4 kilpailu- ja perusratas\u00e4\u00e4nt\u00f6ihin"},"content":{"rendered":"\n<p>Koronatilanteen aiheuttamien rajoitusten purku on pikkuhiljaa alkanut, t\u00e4ll\u00e4 hetkell\u00e4 kilpailukauden aloitus alkukes\u00e4ll\u00e4 n\u00e4ytt\u00e4\u00e4 varovaisesti mahdolliselta. Koronavirus jatkaa edelleen kulkuaan ja tartuntojen ehk\u00e4iseminen on meid\u00e4n jokaisen toimista kiinni. Suomen paimenkoirayhdistyksen hallitus ja kilpailutoimikunta miettiv\u00e4t parhaillaan keinoja j\u00e4rjest\u00e4\u00e4 paimennuskilpailut turvallisesti THL:n ohjeita ja suosituksia noudattaen.<\/p>\n<p>Lis\u00e4ykset kilpailus\u00e4\u00e4nt\u00f6ihin ja kohta 1 lis\u00e4ys my\u00f6s perusratas\u00e4\u00e4nt\u00f6ihin:<br \/><br \/>1. Paimennettavien el\u00e4inten kelpoisuus Suomen paimenkoirayhdistyksen kilpailussa, perusradalla ja yhdistyksen j\u00e4rjest\u00e4mill\u00e4 kursseilla: <br \/>a) Lampaiden ik\u00e4 ja kunto: Hyv\u00e4kuntoiset ja terveet el\u00e4imet, jotka ovat tottuneet paimennukseen. Minimi-i\u00e4t: Lammas ja vuohi: vieroitettujen karitsoiden ja kilien ik\u00e4 v\u00e4hint\u00e4\u00e4n 4 kuukautta. Nauta: vieroitettujen vasikoiden ik\u00e4 v\u00e4hint\u00e4\u00e4n 6 kuukautta. Suositellaan, ett\u00e4 emon kanssa alle kolmen kuukauden ik\u00e4isi\u00e4 karitsoja ei k\u00e4ytet\u00e4. <br \/>b) Tiineys: Lammas: Kilpailuel\u00e4imen\u00e4 ei ole sallittu k\u00e4ytt\u00e4\u00e4 uuhta sen kahdeksalla viimeisell\u00e4 tiineysviikolla. Suositellaan, ett\u00e4 ei k\u00e4ytet\u00e4 my\u00f6sk\u00e4\u00e4n kuuden ensimm\u00e4isen tiineysviikon aikana. Nauta: Kilpailuel\u00e4imen\u00e4 ei ole sallittu k\u00e4ytt\u00e4\u00e4 hiehoa \/ lehm\u00e4\u00e4, joka on yli kuusi kuukautta tiineen\u00e4. <br \/>c) El\u00e4inten omistajalla on viime k\u00e4dess\u00e4 vastuu el\u00e4inten hyv\u00e4st\u00e4 kohtelusta. El\u00e4inten omistajalla on oikeus keskeytt\u00e4\u00e4 kilpailu, jos el\u00e4inten hyvinvointi ei t\u00e4yty. Tuomarilla on aina oikeus keskeytt\u00e4\u00e4 kilpailu. <br \/>d) Kilpailun j\u00e4rjest\u00e4j\u00e4n ja tuomarin tulee kiinnitt\u00e4\u00e4 huomiota paimennettavien el\u00e4inten hyvinvointiin kaikissa olosuhteissa kuten kova helle, rankka sade, varikon rakenne ja pohjarakenne, kilpailup\u00e4iv\u00e4n pituus etc. <br \/><br \/>2. Kilpailuissa k\u00e4ytett\u00e4v\u00e4 pelto ja el\u00e4imet: <br \/>Kilpailun j\u00e4rjest\u00e4n ja tuomarin vastuulla on taata kaikille kilpailijoille mahdollisimman tasapuoliset puitteet. <br \/><br \/>3. J\u00e4rjest\u00e4j\u00e4n oikeus ilmoittaa onko j\u00e4rjestett\u00e4v\u00e4 kilpailu pistekisa vai ei: J\u00e4rjest\u00e4j\u00e4ll\u00e4 on oikeus p\u00e4\u00e4tt\u00e4\u00e4 itse saako kilpailusta esikarsintapisteit\u00e4 esimerkiksi tilanteessa, jossa pelto, el\u00e4imet tai olosuhteet eiv\u00e4t ole esikarsintaa vastaavalla tasolla. T\u00e4m\u00e4 kerrotaan kilpailukalenterissa, kun kilpailusta ilmoitetaan. <\/p>\n","protected":false},"excerpt":{"rendered":"<p>Koronatilanteen aiheuttamien rajoitusten purku on pikkuhiljaa alkanut, t\u00e4ll\u00e4 hetkell\u00e4 kilpailukauden aloitus alkukes\u00e4ll\u00e4 n\u00e4ytt\u00e4\u00e4 varovaisesti mahdolliselta. Koronavirus jatkaa edelleen kulkuaan ja tartuntojen ehk\u00e4iseminen on meid\u00e4n jokaisen toimista kiinni. Suomen paimenkoirayhdistyksen hallitus ja kilpailutoimikunta miettiv\u00e4t parhaillaan keinoja j\u00e4rjest\u00e4\u00e4 paimennuskilpailut turvallisesti THL:n ohjeita ja suosituksia noudattaen. Lis\u00e4ykset kilpailus\u00e4\u00e4nt\u00f6ihin ja kohta 1 lis\u00e4ys my\u00f6s perusratas\u00e4\u00e4nt\u00f6ihin: 1. Paimennettavien el\u00e4inten kelpoisuus &hellip; <a href=\"https:\/\/www.spky.fi\/wopr\/hallitus-tiedottaa-koronatilanteesta-ja-lisayksista-kilpailu-ja-perusratasaantoihin\/\" class=\"more-link\">Jatka lukemista <span class=\"screen-reader-text\">Hallitus tiedottaa koronatilanteesta ja lis\u00e4yksist\u00e4 kilpailu- ja perusratas\u00e4\u00e4nt\u00f6ihin<\/span> <span class=\"meta-nav\">&rarr;<\/span><\/a><\/p>\n","protected":false},"author":2,"featured_media":0,"comment_status":"open","ping_status":"open","sticky":false,"template":"","format":"standard","meta":{"jetpack_post_was_ever_published":false,"_jetpack_newsletter_access":"","_jetpack_dont_email_post_to_subs":false,"_jetpack_newsletter_tier_id":0,"_jetpack_memberships_contains_paywalled_content":false,"_jetpack_memberships_contains_paid_content":false,"footnotes":"","jetpack_publicize_message":"","jetpack_publicize_feature_enabled":true,"jetpack_social_post_already_shared":true,"jetpack_social_options":{"image_generator_settings":{"template":"highway","default_image_id":0,"font":"","enabled":false},"version":2}},"categories":[5],"tags":[],"class_list":["post-1926","post","type-post","status-publish","format-standard","hentry","category-hallitus-tiedottaa"],"yoast_head":"<!-- This site is optimized with the Yoast SEO plugin v27.5 - https:\/\/yoast.com\/product\/yoast-seo-wordpress\/ -->\n<title>Hallitus tiedottaa koronatilanteesta ja lis\u00e4yksist\u00e4 kilpailu- ja perusratas\u00e4\u00e4nt\u00f6ihin - Suomen Paimenkoirayhdistys ry<\/title>\n<meta name=\"robots\" content=\"index, follow, max-snippet:-1, max-image-preview:large, max-video-preview:-1\" \/>\n<link rel=\"canonical\" href=\"https:\/\/www.spky.fi\/wopr\/hallitus-tiedottaa-koronatilanteesta-ja-lisayksista-kilpailu-ja-perusratasaantoihin\/\" \/>\n<meta property=\"og:locale\" content=\"fi_FI\" \/>\n<meta property=\"og:type\" content=\"article\" \/>\n<meta property=\"og:title\" content=\"Hallitus tiedottaa koronatilanteesta ja lis\u00e4yksist\u00e4 kilpailu- ja perusratas\u00e4\u00e4nt\u00f6ihin - Suomen Paimenkoirayhdistys ry\" \/>\n<meta property=\"og:description\" content=\"Koronatilanteen aiheuttamien rajoitusten purku on pikkuhiljaa alkanut, t\u00e4ll\u00e4 hetkell\u00e4 kilpailukauden aloitus alkukes\u00e4ll\u00e4 n\u00e4ytt\u00e4\u00e4 varovaisesti mahdolliselta. Koronavirus jatkaa edelleen kulkuaan ja tartuntojen ehk\u00e4iseminen on meid\u00e4n jokaisen toimista kiinni. Suomen paimenkoirayhdistyksen hallitus ja kilpailutoimikunta miettiv\u00e4t parhaillaan keinoja j\u00e4rjest\u00e4\u00e4 paimennuskilpailut turvallisesti THL:n ohjeita ja suosituksia noudattaen. Lis\u00e4ykset kilpailus\u00e4\u00e4nt\u00f6ihin ja kohta 1 lis\u00e4ys my\u00f6s perusratas\u00e4\u00e4nt\u00f6ihin: 1. Paimennettavien el\u00e4inten kelpoisuus &hellip; Jatka lukemista Hallitus tiedottaa koronatilanteesta ja lis\u00e4yksist\u00e4 kilpailu- ja perusratas\u00e4\u00e4nt\u00f6ihin &rarr;\" \/>\n<meta property=\"og:url\" content=\"https:\/\/www.spky.fi\/wopr\/hallitus-tiedottaa-koronatilanteesta-ja-lisayksista-kilpailu-ja-perusratasaantoihin\/\" \/>\n<meta property=\"og:site_name\" content=\"Suomen Paimenkoirayhdistys ry\" \/>\n<meta property=\"article:publisher\" content=\"https:\/\/www.facebook.com\/SuomenPaimenkoirayhdistys\" \/>\n<meta property=\"article:published_time\" content=\"2020-04-27T18:12:44+00:00\" \/>\n<meta name=\"author\" content=\"Maarit Ky\u00f6stil\u00e4\" \/>\n<meta name=\"twitter:card\" content=\"summary_large_image\" \/>\n<meta name=\"twitter:label1\" content=\"Kirjoittanut\" \/>\n\t<meta name=\"twitter:data1\" content=\"Maarit Ky\u00f6stil\u00e4\" \/>\n\t<meta name=\"twitter:label2\" content=\"Arvioitu lukuaika\" \/>\n\t<meta name=\"twitter:data2\" content=\"2 minuuttia\" \/>\n<script type=\"application\/ld+json\" class=\"yoast-schema-graph\">{\"@context\":\"https:\\\/\\\/schema.org\",\"@graph\":[{\"@type\":\"Article\",\"@id\":\"https:\\\/\\\/www.spky.fi\\\/wopr\\\/hallitus-tiedottaa-koronatilanteesta-ja-lisayksista-kilpailu-ja-perusratasaantoihin\\\/#article\",\"isPartOf\":{\"@id\":\"https:\\\/\\\/www.spky.fi\\\/wopr\\\/hallitus-tiedottaa-koronatilanteesta-ja-lisayksista-kilpailu-ja-perusratasaantoihin\\\/\"},\"author\":{\"name\":\"Maarit Ky\u00f6stil\u00e4\",\"@id\":\"https:\\\/\\\/www.spky.fi\\\/wopr\\\/#\\\/schema\\\/person\\\/d0b626688c21187b8422cadfb94df844\"},\"headline\":\"Hallitus tiedottaa koronatilanteesta ja lis\u00e4yksist\u00e4 kilpailu- ja perusratas\u00e4\u00e4nt\u00f6ihin\",\"datePublished\":\"2020-04-27T18:12:44+00:00\",\"mainEntityOfPage\":{\"@id\":\"https:\\\/\\\/www.spky.fi\\\/wopr\\\/hallitus-tiedottaa-koronatilanteesta-ja-lisayksista-kilpailu-ja-perusratasaantoihin\\\/\"},\"wordCount\":318,\"commentCount\":0,\"publisher\":{\"@id\":\"https:\\\/\\\/www.spky.fi\\\/wopr\\\/#organization\"},\"articleSection\":[\"Hallitus tiedottaa\"],\"inLanguage\":\"fi\",\"potentialAction\":[{\"@type\":\"CommentAction\",\"name\":\"Comment\",\"target\":[\"https:\\\/\\\/www.spky.fi\\\/wopr\\\/hallitus-tiedottaa-koronatilanteesta-ja-lisayksista-kilpailu-ja-perusratasaantoihin\\\/#respond\"]}]},{\"@type\":\"WebPage\",\"@id\":\"https:\\\/\\\/www.spky.fi\\\/wopr\\\/hallitus-tiedottaa-koronatilanteesta-ja-lisayksista-kilpailu-ja-perusratasaantoihin\\\/\",\"url\":\"https:\\\/\\\/www.spky.fi\\\/wopr\\\/hallitus-tiedottaa-koronatilanteesta-ja-lisayksista-kilpailu-ja-perusratasaantoihin\\\/\",\"name\":\"Hallitus tiedottaa koronatilanteesta ja lis\u00e4yksist\u00e4 kilpailu- ja perusratas\u00e4\u00e4nt\u00f6ihin - Suomen Paimenkoirayhdistys ry\",\"isPartOf\":{\"@id\":\"https:\\\/\\\/www.spky.fi\\\/wopr\\\/#website\"},\"datePublished\":\"2020-04-27T18:12:44+00:00\",\"breadcrumb\":{\"@id\":\"https:\\\/\\\/www.spky.fi\\\/wopr\\\/hallitus-tiedottaa-koronatilanteesta-ja-lisayksista-kilpailu-ja-perusratasaantoihin\\\/#breadcrumb\"},\"inLanguage\":\"fi\",\"potentialAction\":[{\"@type\":\"ReadAction\",\"target\":[\"https:\\\/\\\/www.spky.fi\\\/wopr\\\/hallitus-tiedottaa-koronatilanteesta-ja-lisayksista-kilpailu-ja-perusratasaantoihin\\\/\"]}]},{\"@type\":\"BreadcrumbList\",\"@id\":\"https:\\\/\\\/www.spky.fi\\\/wopr\\\/hallitus-tiedottaa-koronatilanteesta-ja-lisayksista-kilpailu-ja-perusratasaantoihin\\\/#breadcrumb\",\"itemListElement\":[{\"@type\":\"ListItem\",\"position\":1,\"name\":\"Etusivu\",\"item\":\"https:\\\/\\\/www.spky.fi\\\/wopr\\\/\"},{\"@type\":\"ListItem\",\"position\":2,\"name\":\"Hallitus tiedottaa koronatilanteesta ja lis\u00e4yksist\u00e4 kilpailu- ja perusratas\u00e4\u00e4nt\u00f6ihin\"}]},{\"@type\":\"WebSite\",\"@id\":\"https:\\\/\\\/www.spky.fi\\\/wopr\\\/#website\",\"url\":\"https:\\\/\\\/www.spky.fi\\\/wopr\\\/\",\"name\":\"Suomen Paimenkoirayhdistys ry\",\"description\":\"Suomen Paimenkoirayhdistys edist&auml;&auml; paimenkoirien ty&ouml;k&auml;ytt&ouml;&auml;. Yhdistys auttaa paimenkoirakurssien, harjoitusten, kilpailujen ja n&auml;yt&ouml;sten j&auml;rjest&auml;misess&auml;.\",\"publisher\":{\"@id\":\"https:\\\/\\\/www.spky.fi\\\/wopr\\\/#organization\"},\"potentialAction\":[{\"@type\":\"SearchAction\",\"target\":{\"@type\":\"EntryPoint\",\"urlTemplate\":\"https:\\\/\\\/www.spky.fi\\\/wopr\\\/?s={search_term_string}\"},\"query-input\":{\"@type\":\"PropertyValueSpecification\",\"valueRequired\":true,\"valueName\":\"search_term_string\"}}],\"inLanguage\":\"fi\"},{\"@type\":\"Organization\",\"@id\":\"https:\\\/\\\/www.spky.fi\\\/wopr\\\/#organization\",\"name\":\"Suomen Paimenkoirayhdistys ry\",\"url\":\"https:\\\/\\\/www.spky.fi\\\/wopr\\\/\",\"logo\":{\"@type\":\"ImageObject\",\"inLanguage\":\"fi\",\"@id\":\"https:\\\/\\\/www.spky.fi\\\/wopr\\\/#\\\/schema\\\/logo\\\/image\\\/\",\"url\":\"https:\\\/\\\/www.spky.fi\\\/wopr\\\/wp-content\\\/uploads\\\/2024\\\/06\\\/SPKY_MUVA_PNG.png\",\"contentUrl\":\"https:\\\/\\\/www.spky.fi\\\/wopr\\\/wp-content\\\/uploads\\\/2024\\\/06\\\/SPKY_MUVA_PNG.png\",\"width\":3201,\"height\":3126,\"caption\":\"Suomen Paimenkoirayhdistys ry\"},\"image\":{\"@id\":\"https:\\\/\\\/www.spky.fi\\\/wopr\\\/#\\\/schema\\\/logo\\\/image\\\/\"},\"sameAs\":[\"https:\\\/\\\/www.facebook.com\\\/SuomenPaimenkoirayhdistys\"]},{\"@type\":\"Person\",\"@id\":\"https:\\\/\\\/www.spky.fi\\\/wopr\\\/#\\\/schema\\\/person\\\/d0b626688c21187b8422cadfb94df844\",\"name\":\"Maarit Ky\u00f6stil\u00e4\",\"image\":{\"@type\":\"ImageObject\",\"inLanguage\":\"fi\",\"@id\":\"https:\\\/\\\/secure.gravatar.com\\\/avatar\\\/abc091421fe05d2282e88d28368bc4c4dbf4dbaee74d9958fd1f71a73d26eb98?s=96&d=mm&r=g\",\"url\":\"https:\\\/\\\/secure.gravatar.com\\\/avatar\\\/abc091421fe05d2282e88d28368bc4c4dbf4dbaee74d9958fd1f71a73d26eb98?s=96&d=mm&r=g\",\"contentUrl\":\"https:\\\/\\\/secure.gravatar.com\\\/avatar\\\/abc091421fe05d2282e88d28368bc4c4dbf4dbaee74d9958fd1f71a73d26eb98?s=96&d=mm&r=g\",\"caption\":\"Maarit Ky\u00f6stil\u00e4\"},\"url\":\"https:\\\/\\\/www.spky.fi\\\/wopr\\\/author\\\/mk\\\/\"}]}<\/script>\n<!-- \/ Yoast SEO plugin. -->","yoast_head_json":{"title":"Hallitus tiedottaa koronatilanteesta ja lis\u00e4yksist\u00e4 kilpailu- ja perusratas\u00e4\u00e4nt\u00f6ihin - Suomen Paimenkoirayhdistys ry","robots":{"index":"index","follow":"follow","max-snippet":"max-snippet:-1","max-image-preview":"max-image-preview:large","max-video-preview":"max-video-preview:-1"},"canonical":"https:\/\/www.spky.fi\/wopr\/hallitus-tiedottaa-koronatilanteesta-ja-lisayksista-kilpailu-ja-perusratasaantoihin\/","og_locale":"fi_FI","og_type":"article","og_title":"Hallitus tiedottaa koronatilanteesta ja lis\u00e4yksist\u00e4 kilpailu- ja perusratas\u00e4\u00e4nt\u00f6ihin - Suomen Paimenkoirayhdistys ry","og_description":"Koronatilanteen aiheuttamien rajoitusten purku on pikkuhiljaa alkanut, t\u00e4ll\u00e4 hetkell\u00e4 kilpailukauden aloitus alkukes\u00e4ll\u00e4 n\u00e4ytt\u00e4\u00e4 varovaisesti mahdolliselta. Koronavirus jatkaa edelleen kulkuaan ja tartuntojen ehk\u00e4iseminen on meid\u00e4n jokaisen toimista kiinni. Suomen paimenkoirayhdistyksen hallitus ja kilpailutoimikunta miettiv\u00e4t parhaillaan keinoja j\u00e4rjest\u00e4\u00e4 paimennuskilpailut turvallisesti THL:n ohjeita ja suosituksia noudattaen. Lis\u00e4ykset kilpailus\u00e4\u00e4nt\u00f6ihin ja kohta 1 lis\u00e4ys my\u00f6s perusratas\u00e4\u00e4nt\u00f6ihin: 1. Paimennettavien el\u00e4inten kelpoisuus &hellip; Jatka lukemista Hallitus tiedottaa koronatilanteesta ja lis\u00e4yksist\u00e4 kilpailu- ja perusratas\u00e4\u00e4nt\u00f6ihin &rarr;","og_url":"https:\/\/www.spky.fi\/wopr\/hallitus-tiedottaa-koronatilanteesta-ja-lisayksista-kilpailu-ja-perusratasaantoihin\/","og_site_name":"Suomen Paimenkoirayhdistys ry","article_publisher":"https:\/\/www.facebook.com\/SuomenPaimenkoirayhdistys","article_published_time":"2020-04-27T18:12:44+00:00","author":"Maarit Ky\u00f6stil\u00e4","twitter_card":"summary_large_image","twitter_misc":{"Kirjoittanut":"Maarit Ky\u00f6stil\u00e4","Arvioitu lukuaika":"2 minuuttia"},"schema":{"@context":"https:\/\/schema.org","@graph":[{"@type":"Article","@id":"https:\/\/www.spky.fi\/wopr\/hallitus-tiedottaa-koronatilanteesta-ja-lisayksista-kilpailu-ja-perusratasaantoihin\/#article","isPartOf":{"@id":"https:\/\/www.spky.fi\/wopr\/hallitus-tiedottaa-koronatilanteesta-ja-lisayksista-kilpailu-ja-perusratasaantoihin\/"},"author":{"name":"Maarit Ky\u00f6stil\u00e4","@id":"https:\/\/www.spky.fi\/wopr\/#\/schema\/person\/d0b626688c21187b8422cadfb94df844"},"headline":"Hallitus tiedottaa koronatilanteesta ja lis\u00e4yksist\u00e4 kilpailu- ja perusratas\u00e4\u00e4nt\u00f6ihin","datePublished":"2020-04-27T18:12:44+00:00","mainEntityOfPage":{"@id":"https:\/\/www.spky.fi\/wopr\/hallitus-tiedottaa-koronatilanteesta-ja-lisayksista-kilpailu-ja-perusratasaantoihin\/"},"wordCount":318,"commentCount":0,"publisher":{"@id":"https:\/\/www.spky.fi\/wopr\/#organization"},"articleSection":["Hallitus tiedottaa"],"inLanguage":"fi","potentialAction":[{"@type":"CommentAction","name":"Comment","target":["https:\/\/www.spky.fi\/wopr\/hallitus-tiedottaa-koronatilanteesta-ja-lisayksista-kilpailu-ja-perusratasaantoihin\/#respond"]}]},{"@type":"WebPage","@id":"https:\/\/www.spky.fi\/wopr\/hallitus-tiedottaa-koronatilanteesta-ja-lisayksista-kilpailu-ja-perusratasaantoihin\/","url":"https:\/\/www.spky.fi\/wopr\/hallitus-tiedottaa-koronatilanteesta-ja-lisayksista-kilpailu-ja-perusratasaantoihin\/","name":"Hallitus tiedottaa koronatilanteesta ja lis\u00e4yksist\u00e4 kilpailu- ja perusratas\u00e4\u00e4nt\u00f6ihin - Suomen Paimenkoirayhdistys ry","isPartOf":{"@id":"https:\/\/www.spky.fi\/wopr\/#website"},"datePublished":"2020-04-27T18:12:44+00:00","breadcrumb":{"@id":"https:\/\/www.spky.fi\/wopr\/hallitus-tiedottaa-koronatilanteesta-ja-lisayksista-kilpailu-ja-perusratasaantoihin\/#breadcrumb"},"inLanguage":"fi","potentialAction":[{"@type":"ReadAction","target":["https:\/\/www.spky.fi\/wopr\/hallitus-tiedottaa-koronatilanteesta-ja-lisayksista-kilpailu-ja-perusratasaantoihin\/"]}]},{"@type":"BreadcrumbList","@id":"https:\/\/www.spky.fi\/wopr\/hallitus-tiedottaa-koronatilanteesta-ja-lisayksista-kilpailu-ja-perusratasaantoihin\/#breadcrumb","itemListElement":[{"@type":"ListItem","position":1,"name":"Etusivu","item":"https:\/\/www.spky.fi\/wopr\/"},{"@type":"ListItem","position":2,"name":"Hallitus tiedottaa koronatilanteesta ja lis\u00e4yksist\u00e4 kilpailu- ja perusratas\u00e4\u00e4nt\u00f6ihin"}]},{"@type":"WebSite","@id":"https:\/\/www.spky.fi\/wopr\/#website","url":"https:\/\/www.spky.fi\/wopr\/","name":"Suomen Paimenkoirayhdistys ry","description":"Suomen Paimenkoirayhdistys edist&auml;&auml; paimenkoirien ty&ouml;k&auml;ytt&ouml;&auml;. Yhdistys auttaa paimenkoirakurssien, harjoitusten, kilpailujen ja n&auml;yt&ouml;sten j&auml;rjest&auml;misess&auml;.","publisher":{"@id":"https:\/\/www.spky.fi\/wopr\/#organization"},"potentialAction":[{"@type":"SearchAction","target":{"@type":"EntryPoint","urlTemplate":"https:\/\/www.spky.fi\/wopr\/?s={search_term_string}"},"query-input":{"@type":"PropertyValueSpecification","valueRequired":true,"valueName":"search_term_string"}}],"inLanguage":"fi"},{"@type":"Organization","@id":"https:\/\/www.spky.fi\/wopr\/#organization","name":"Suomen Paimenkoirayhdistys ry","url":"https:\/\/www.spky.fi\/wopr\/","logo":{"@type":"ImageObject","inLanguage":"fi","@id":"https:\/\/www.spky.fi\/wopr\/#\/schema\/logo\/image\/","url":"https:\/\/www.spky.fi\/wopr\/wp-content\/uploads\/2024\/06\/SPKY_MUVA_PNG.png","contentUrl":"https:\/\/www.spky.fi\/wopr\/wp-content\/uploads\/2024\/06\/SPKY_MUVA_PNG.png","width":3201,"height":3126,"caption":"Suomen Paimenkoirayhdistys ry"},"image":{"@id":"https:\/\/www.spky.fi\/wopr\/#\/schema\/logo\/image\/"},"sameAs":["https:\/\/www.facebook.com\/SuomenPaimenkoirayhdistys"]},{"@type":"Person","@id":"https:\/\/www.spky.fi\/wopr\/#\/schema\/person\/d0b626688c21187b8422cadfb94df844","name":"Maarit Ky\u00f6stil\u00e4","image":{"@type":"ImageObject","inLanguage":"fi","@id":"https:\/\/secure.gravatar.com\/avatar\/abc091421fe05d2282e88d28368bc4c4dbf4dbaee74d9958fd1f71a73d26eb98?s=96&d=mm&r=g","url":"https:\/\/secure.gravatar.com\/avatar\/abc091421fe05d2282e88d28368bc4c4dbf4dbaee74d9958fd1f71a73d26eb98?s=96&d=mm&r=g","contentUrl":"https:\/\/secure.gravatar.com\/avatar\/abc091421fe05d2282e88d28368bc4c4dbf4dbaee74d9958fd1f71a73d26eb98?s=96&d=mm&r=g","caption":"Maarit Ky\u00f6stil\u00e4"},"url":"https:\/\/www.spky.fi\/wopr\/author\/mk\/"}]}},"jetpack_publicize_connections":[],"jetpack_featured_media_url":"","jetpack_sharing_enabled":true,"jetpack_shortlink":"https:\/\/wp.me\/paLGv4-v4","_links":{"self":[{"href":"https:\/\/www.spky.fi\/wopr\/wp-json\/wp\/v2\/posts\/1926","targetHints":{"allow":["GET"]}}],"collection":[{"href":"https:\/\/www.spky.fi\/wopr\/wp-json\/wp\/v2\/posts"}],"about":[{"href":"https:\/\/www.spky.fi\/wopr\/wp-json\/wp\/v2\/types\/post"}],"author":[{"embeddable":true,"href":"https:\/\/www.spky.fi\/wopr\/wp-json\/wp\/v2\/users\/2"}],"replies":[{"embeddable":true,"href":"https:\/\/www.spky.fi\/wopr\/wp-json\/wp\/v2\/comments?post=1926"}],"version-history":[{"count":1,"href":"https:\/\/www.spky.fi\/wopr\/wp-json\/wp\/v2\/posts\/1926\/revisions"}],"predecessor-version":[{"id":1927,"href":"https:\/\/www.spky.fi\/wopr\/wp-json\/wp\/v2\/posts\/1926\/revisions\/1927"}],"wp:attachment":[{"href":"https:\/\/www.spky.fi\/wopr\/wp-json\/wp\/v2\/media?parent=1926"}],"wp:term":[{"taxonomy":"category","embeddable":true,"href":"https:\/\/www.spky.fi\/wopr\/wp-json\/wp\/v2\/categories?post=1926"},{"taxonomy":"post_tag","embeddable":true,"href":"https:\/\/www.spky.fi\/wopr\/wp-json\/wp\/v2\/tags?post=1926"}],"curies":[{"name":"wp","href":"https:\/\/api.w.org\/{rel}","templated":true}]}}