{"id":2400,"date":"2021-02-21T10:40:00","date_gmt":"2021-02-21T10:40:00","guid":{"rendered":"https:\/\/www.spky.fi\/wopr\/?p=2400"},"modified":"2022-04-12T16:31:28","modified_gmt":"2022-04-12T16:31:28","slug":"spky-vuosikokous","status":"publish","type":"post","link":"https:\/\/www.spky.fi\/wopr\/spky-vuosikokous\/","title":{"rendered":"SPKY vuosikokous"},"content":{"rendered":"\n<p>Suomen Paimenkoirayhdistyksen vuosikokous j\u00e4rjestet\u00e4\u00e4n 27.2.2021 Haminassa sek\u00e4 et\u00e4yhteydell\u00e4. Alla tietoa ja materiaalia et\u00e4n\u00e4 kokoukseen osallistuville:\u00a0<\/p>\n<p><b>Ennen kokousta:\u00a0<\/b><\/p>\n<ul>\n<li style=\"font-weight: 400;\" aria-level=\"1\"><span style=\"font-weight: 400;\">Ilmoittautuneet ovat saaneet s\u00e4hk\u00f6postitse kutsun kokoukseen. Testaa etuk\u00e4teen, ett\u00e4 p\u00e4\u00e4set liittym\u00e4\u00e4n kokoukseen. Kokoukseen voi yritt\u00e4\u00e4 liitty\u00e4 koska vain, p\u00e4\u00e4set sinne uudestaan samalla linkill\u00e4 varsinaisen kokouksen aikana.\u00a0<\/span><\/li>\n<li style=\"font-weight: 400;\" aria-level=\"1\"><span style=\"font-weight: 400;\">Tarkista, ett\u00e4 olet saanut Lindalta kutsun \u00e4\u00e4nest\u00e4m\u00e4\u00e4n, s\u00e4hk\u00f6postin otsikko on \u201dSPKY:n hallituksen j\u00e4senten vaali\u201d. T\u00e4t\u00e4 s\u00e4hk\u00f6postia tarvitset, jos kokouksessa \u00e4\u00e4nestet\u00e4\u00e4n hallituksen j\u00e4senist\u00e4. Jos et ole saanut kutsua, tarkista my\u00f6s roskaposti sek\u00e4 Gmailin erilaiset kansiot (tarjoukset, sosiaaliset verkostot jne.). Mik\u00e4li kutsua ei kuitenkaan l\u00f6ydy, laita Lindalle meili (<\/span><a href=\"mailto:pihl.linda@gmail.com\"><span style=\"font-weight: 400;\">pihl.linda(at)gmail.com<\/span><\/a><span style=\"font-weight: 400;\">)<\/span><\/li>\n<li style=\"font-weight: 400;\" aria-level=\"1\"><span style=\"font-weight: 400;\">Jos liityt puhelimella, lataa Google Meet sovellus.\u00a0<\/span><\/li>\n<li style=\"font-weight: 400;\" aria-level=\"1\"><span style=\"font-weight: 400;\">Testaa ett\u00e4 koneessasi on toimiva mikrofoni ja kaiutin. Joissain koneissa ei ole sis\u00e4\u00e4nrakennettua mikrofonia, ja joskus joillain ulkoisilla laitteilla voi olla haasteita. N\u00e4m\u00e4 kannattaa olla testattuina, koska mik\u00e4li koneen \u00e4\u00e4ni ei toimi, ei sit\u00e4 en\u00e4\u00e4 kokouksen aikana voi mill\u00e4\u00e4n korjata.\u00a0<\/span><\/li>\n<li style=\"font-weight: 400;\" aria-level=\"1\"><span style=\"font-weight: 400;\">Ohjeet kokoukseen liittymisest\u00e4: <\/span><a href=\"https:\/\/drive.google.com\/file\/d\/1K6vzs5Vp4iRHzFBPuLbne-_MovexaeQq\/view?usp=sharing\"><span style=\"font-weight: 400;\">https:\/\/drive.google.com\/file\/d\/1K6vzs5Vp4iRHzFBPuLbne-_MovexaeQq\/view?usp=sharing<\/span><\/a><\/li>\n<\/ul>\n<p><b>Kokouksen aikana:\u00a0<\/b><\/p>\n<ul>\n<li style=\"font-weight: 400;\" aria-level=\"1\"><span style=\"font-weight: 400;\">Liity ajoissa, olen itse kokouksessa paikalla noin 13.30 alkaen. Ennen kokousta voidaan testata, ett\u00e4 kaikkien \u00e4\u00e4ni kuuluu ja esimerkiksi chatti-ruutu toimii.\u00a0<\/span><\/li>\n<li style=\"font-weight: 400;\" aria-level=\"1\"><span style=\"font-weight: 400;\">Pidet\u00e4\u00e4n mikrofonit mykistettyin\u00e4 ellet k\u00e4yt\u00e4 puheenvuoroa.<\/span><\/li>\n<li style=\"font-weight: 400;\" aria-level=\"1\"><span style=\"font-weight: 400;\">Pyyd\u00e4 puheenvuoro kirjoittamalla kokouksen chattiin oma nimesi. Tekninen sihteeri kertoo n\u00e4m\u00e4 kokouksen puheenjohtajalle.\u00a0<\/span><\/li>\n<li style=\"font-weight: 400;\" aria-level=\"1\"><span style=\"font-weight: 400;\">\u00c4\u00e4nestys: Suljettu lippu\u00e4\u00e4nestys mahdollisessa hallituksen j\u00e4senten vaalissa suoritetaan Google Formsin kautta. T\u00e4m\u00e4n k\u00e4ytt\u00f6\u00f6n ohjeistetaan kokouksen aikana. \u00c4\u00e4nestyksen k\u00e4ytt\u00e4minen vaatii kirjautumista google-tilille, jotta voidaan varmistaa vain yksi \u00e4\u00e4ni jokaiselta osallistuja-j\u00e4senelt\u00e4. \u00c4\u00e4nestys on t\u00e4ysin anonyymi, tuloksista ei n\u00e4e \u00e4\u00e4nest\u00e4neit\u00e4 henkil\u00f6it\u00e4. Avoimet \u00e4\u00e4nestykset suoritetaan kokouksen chatin kautta, t\u00e4st\u00e4kin annetaan ohjeet kokouksessa, jos on tarpeen \u00e4\u00e4nest\u00e4\u00e4.\u00a0<\/span><\/li>\n<\/ul>\n<p>\u00a0<\/p>\n<p><b>Kokouksen materiaalit:\u00a0<\/b><\/p>\n<p><span style=\"font-weight: 400;\">Esityslista: <\/span><a href=\"https:\/\/drive.google.com\/file\/d\/1Z6IcOlTYAUZmvZit2MNu3fFLMM1f8ac0\/view?usp=sharing\"><span style=\"font-weight: 400;\">ESITYSLISTAvuosikokous2021vers2.docx<\/span><\/a><\/p>\n<p><span style=\"font-weight: 400;\">Budjetti: <\/span><a href=\"https:\/\/drive.google.com\/file\/d\/1lFQUFAknuVqsWgrGGBhI5v9tCB_hDTqB\/view?usp=sharing\"><span style=\"font-weight: 400;\">Tiedoston Budjetti 2021.xls<\/span><\/a><\/p>\n<p><span style=\"font-weight: 400;\">Toimintasuunnitelma 2021: <\/span><a href=\"https:\/\/drive.google.com\/file\/d\/1MCEoTLqpxQPW5b6OKQtmpLjgr0juE6N0\/view?usp=sharing\"><span style=\"font-weight: 400;\">Toimintasuunnitelma2021.docx<\/span><\/a><\/p>\n<p><span style=\"font-weight: 400;\">Toimintakertomus 2020: <\/span><a href=\"https:\/\/drive.google.com\/file\/d\/1GCPHA9GapzxnEy3hHUnMmUoJVGRaZCw3\/view?usp=sharing\"><span style=\"font-weight: 400;\">Toimintakertomus 2020.pdf<\/span><\/a><\/p>\n<p>\u00a0<\/p>\n","protected":false},"excerpt":{"rendered":"<p>Suomen Paimenkoirayhdistyksen vuosikokous j\u00e4rjestet\u00e4\u00e4n 27.2.2021 Haminassa sek\u00e4 et\u00e4yhteydell\u00e4. Alla tietoa ja materiaalia et\u00e4n\u00e4 kokoukseen osallistuville:\u00a0 Ennen kokousta:\u00a0 Ilmoittautuneet ovat saaneet s\u00e4hk\u00f6postitse kutsun kokoukseen. Testaa etuk\u00e4teen, ett\u00e4 p\u00e4\u00e4set liittym\u00e4\u00e4n kokoukseen. Kokoukseen voi yritt\u00e4\u00e4 liitty\u00e4 koska vain, p\u00e4\u00e4set sinne uudestaan samalla linkill\u00e4 varsinaisen kokouksen aikana.\u00a0 Tarkista, ett\u00e4 olet saanut Lindalta kutsun \u00e4\u00e4nest\u00e4m\u00e4\u00e4n, s\u00e4hk\u00f6postin otsikko on \u201dSPKY:n hallituksen &hellip; <a href=\"https:\/\/www.spky.fi\/wopr\/spky-vuosikokous\/\" class=\"more-link\">Jatka lukemista <span class=\"screen-reader-text\">SPKY vuosikokous<\/span> <span class=\"meta-nav\">&rarr;<\/span><\/a><\/p>\n","protected":false},"author":10,"featured_media":0,"comment_status":"closed","ping_status":"closed","sticky":false,"template":"","format":"standard","meta":{"jetpack_post_was_ever_published":false,"_jetpack_newsletter_access":"","_jetpack_dont_email_post_to_subs":false,"_jetpack_newsletter_tier_id":0,"_jetpack_memberships_contains_paywalled_content":false,"_jetpack_memberships_contains_paid_content":false,"footnotes":"","jetpack_publicize_message":"","jetpack_publicize_feature_enabled":true,"jetpack_social_post_already_shared":true,"jetpack_social_options":{"image_generator_settings":{"template":"highway","default_image_id":0,"font":"","enabled":false},"version":2}},"categories":[5],"tags":[],"class_list":["post-2400","post","type-post","status-publish","format-standard","hentry","category-hallitus-tiedottaa"],"yoast_head":"<!-- This site is optimized with the Yoast SEO plugin v27.4 - https:\/\/yoast.com\/product\/yoast-seo-wordpress\/ -->\n<title>SPKY vuosikokous - Suomen Paimenkoirayhdistys ry<\/title>\n<meta name=\"robots\" content=\"index, follow, max-snippet:-1, max-image-preview:large, max-video-preview:-1\" \/>\n<link rel=\"canonical\" href=\"https:\/\/www.spky.fi\/wopr\/spky-vuosikokous\/\" \/>\n<meta property=\"og:locale\" content=\"fi_FI\" \/>\n<meta property=\"og:type\" content=\"article\" \/>\n<meta property=\"og:title\" content=\"SPKY vuosikokous - Suomen Paimenkoirayhdistys ry\" \/>\n<meta property=\"og:description\" content=\"Suomen Paimenkoirayhdistyksen vuosikokous j\u00e4rjestet\u00e4\u00e4n 27.2.2021 Haminassa sek\u00e4 et\u00e4yhteydell\u00e4. Alla tietoa ja materiaalia et\u00e4n\u00e4 kokoukseen osallistuville:\u00a0 Ennen kokousta:\u00a0 Ilmoittautuneet ovat saaneet s\u00e4hk\u00f6postitse kutsun kokoukseen. Testaa etuk\u00e4teen, ett\u00e4 p\u00e4\u00e4set liittym\u00e4\u00e4n kokoukseen. Kokoukseen voi yritt\u00e4\u00e4 liitty\u00e4 koska vain, p\u00e4\u00e4set sinne uudestaan samalla linkill\u00e4 varsinaisen kokouksen aikana.\u00a0 Tarkista, ett\u00e4 olet saanut Lindalta kutsun \u00e4\u00e4nest\u00e4m\u00e4\u00e4n, s\u00e4hk\u00f6postin otsikko on \u201dSPKY:n hallituksen &hellip; Jatka lukemista SPKY vuosikokous &rarr;\" \/>\n<meta property=\"og:url\" content=\"https:\/\/www.spky.fi\/wopr\/spky-vuosikokous\/\" \/>\n<meta property=\"og:site_name\" content=\"Suomen Paimenkoirayhdistys ry\" \/>\n<meta property=\"article:publisher\" content=\"https:\/\/www.facebook.com\/SuomenPaimenkoirayhdistys\" \/>\n<meta property=\"article:published_time\" content=\"2021-02-21T10:40:00+00:00\" \/>\n<meta property=\"article:modified_time\" content=\"2022-04-12T16:31:28+00:00\" \/>\n<meta name=\"author\" content=\"Linda Pihl\" \/>\n<meta name=\"twitter:card\" content=\"summary_large_image\" \/>\n<meta name=\"twitter:label1\" content=\"Kirjoittanut\" \/>\n\t<meta name=\"twitter:data1\" content=\"Linda Pihl\" \/>\n\t<meta name=\"twitter:label2\" content=\"Arvioitu lukuaika\" \/>\n\t<meta name=\"twitter:data2\" content=\"2 minuuttia\" \/>\n<script type=\"application\/ld+json\" class=\"yoast-schema-graph\">{\"@context\":\"https:\\\/\\\/schema.org\",\"@graph\":[{\"@type\":\"Article\",\"@id\":\"https:\\\/\\\/www.spky.fi\\\/wopr\\\/spky-vuosikokous\\\/#article\",\"isPartOf\":{\"@id\":\"https:\\\/\\\/www.spky.fi\\\/wopr\\\/spky-vuosikokous\\\/\"},\"author\":{\"name\":\"Linda Pihl\",\"@id\":\"https:\\\/\\\/www.spky.fi\\\/wopr\\\/#\\\/schema\\\/person\\\/54cf99e1a9a36497b495e2ef949612d9\"},\"headline\":\"SPKY vuosikokous\",\"datePublished\":\"2021-02-21T10:40:00+00:00\",\"dateModified\":\"2022-04-12T16:31:28+00:00\",\"mainEntityOfPage\":{\"@id\":\"https:\\\/\\\/www.spky.fi\\\/wopr\\\/spky-vuosikokous\\\/\"},\"wordCount\":314,\"publisher\":{\"@id\":\"https:\\\/\\\/www.spky.fi\\\/wopr\\\/#organization\"},\"articleSection\":[\"Hallitus tiedottaa\"],\"inLanguage\":\"fi\"},{\"@type\":\"WebPage\",\"@id\":\"https:\\\/\\\/www.spky.fi\\\/wopr\\\/spky-vuosikokous\\\/\",\"url\":\"https:\\\/\\\/www.spky.fi\\\/wopr\\\/spky-vuosikokous\\\/\",\"name\":\"SPKY vuosikokous - Suomen Paimenkoirayhdistys ry\",\"isPartOf\":{\"@id\":\"https:\\\/\\\/www.spky.fi\\\/wopr\\\/#website\"},\"datePublished\":\"2021-02-21T10:40:00+00:00\",\"dateModified\":\"2022-04-12T16:31:28+00:00\",\"breadcrumb\":{\"@id\":\"https:\\\/\\\/www.spky.fi\\\/wopr\\\/spky-vuosikokous\\\/#breadcrumb\"},\"inLanguage\":\"fi\",\"potentialAction\":[{\"@type\":\"ReadAction\",\"target\":[\"https:\\\/\\\/www.spky.fi\\\/wopr\\\/spky-vuosikokous\\\/\"]}]},{\"@type\":\"BreadcrumbList\",\"@id\":\"https:\\\/\\\/www.spky.fi\\\/wopr\\\/spky-vuosikokous\\\/#breadcrumb\",\"itemListElement\":[{\"@type\":\"ListItem\",\"position\":1,\"name\":\"Etusivu\",\"item\":\"https:\\\/\\\/www.spky.fi\\\/wopr\\\/\"},{\"@type\":\"ListItem\",\"position\":2,\"name\":\"SPKY vuosikokous\"}]},{\"@type\":\"WebSite\",\"@id\":\"https:\\\/\\\/www.spky.fi\\\/wopr\\\/#website\",\"url\":\"https:\\\/\\\/www.spky.fi\\\/wopr\\\/\",\"name\":\"Suomen Paimenkoirayhdistys ry\",\"description\":\"Suomen Paimenkoirayhdistys edist&auml;&auml; paimenkoirien ty&ouml;k&auml;ytt&ouml;&auml;. Yhdistys auttaa paimenkoirakurssien, harjoitusten, kilpailujen ja n&auml;yt&ouml;sten j&auml;rjest&auml;misess&auml;.\",\"publisher\":{\"@id\":\"https:\\\/\\\/www.spky.fi\\\/wopr\\\/#organization\"},\"potentialAction\":[{\"@type\":\"SearchAction\",\"target\":{\"@type\":\"EntryPoint\",\"urlTemplate\":\"https:\\\/\\\/www.spky.fi\\\/wopr\\\/?s={search_term_string}\"},\"query-input\":{\"@type\":\"PropertyValueSpecification\",\"valueRequired\":true,\"valueName\":\"search_term_string\"}}],\"inLanguage\":\"fi\"},{\"@type\":\"Organization\",\"@id\":\"https:\\\/\\\/www.spky.fi\\\/wopr\\\/#organization\",\"name\":\"Suomen Paimenkoirayhdistys ry\",\"url\":\"https:\\\/\\\/www.spky.fi\\\/wopr\\\/\",\"logo\":{\"@type\":\"ImageObject\",\"inLanguage\":\"fi\",\"@id\":\"https:\\\/\\\/www.spky.fi\\\/wopr\\\/#\\\/schema\\\/logo\\\/image\\\/\",\"url\":\"https:\\\/\\\/www.spky.fi\\\/wopr\\\/wp-content\\\/uploads\\\/2024\\\/06\\\/SPKY_MUVA_PNG.png\",\"contentUrl\":\"https:\\\/\\\/www.spky.fi\\\/wopr\\\/wp-content\\\/uploads\\\/2024\\\/06\\\/SPKY_MUVA_PNG.png\",\"width\":3201,\"height\":3126,\"caption\":\"Suomen Paimenkoirayhdistys ry\"},\"image\":{\"@id\":\"https:\\\/\\\/www.spky.fi\\\/wopr\\\/#\\\/schema\\\/logo\\\/image\\\/\"},\"sameAs\":[\"https:\\\/\\\/www.facebook.com\\\/SuomenPaimenkoirayhdistys\"]},{\"@type\":\"Person\",\"@id\":\"https:\\\/\\\/www.spky.fi\\\/wopr\\\/#\\\/schema\\\/person\\\/54cf99e1a9a36497b495e2ef949612d9\",\"name\":\"Linda Pihl\",\"image\":{\"@type\":\"ImageObject\",\"inLanguage\":\"fi\",\"@id\":\"https:\\\/\\\/secure.gravatar.com\\\/avatar\\\/33a11b273a7e239e8d1ead5c1b54e59ae9224dc77060f8cecd103222728b155b?s=96&d=mm&r=g\",\"url\":\"https:\\\/\\\/secure.gravatar.com\\\/avatar\\\/33a11b273a7e239e8d1ead5c1b54e59ae9224dc77060f8cecd103222728b155b?s=96&d=mm&r=g\",\"contentUrl\":\"https:\\\/\\\/secure.gravatar.com\\\/avatar\\\/33a11b273a7e239e8d1ead5c1b54e59ae9224dc77060f8cecd103222728b155b?s=96&d=mm&r=g\",\"caption\":\"Linda Pihl\"},\"url\":\"https:\\\/\\\/www.spky.fi\\\/wopr\\\/author\\\/lp\\\/\"}]}<\/script>\n<!-- \/ Yoast SEO plugin. -->","yoast_head_json":{"title":"SPKY vuosikokous - Suomen Paimenkoirayhdistys ry","robots":{"index":"index","follow":"follow","max-snippet":"max-snippet:-1","max-image-preview":"max-image-preview:large","max-video-preview":"max-video-preview:-1"},"canonical":"https:\/\/www.spky.fi\/wopr\/spky-vuosikokous\/","og_locale":"fi_FI","og_type":"article","og_title":"SPKY vuosikokous - Suomen Paimenkoirayhdistys ry","og_description":"Suomen Paimenkoirayhdistyksen vuosikokous j\u00e4rjestet\u00e4\u00e4n 27.2.2021 Haminassa sek\u00e4 et\u00e4yhteydell\u00e4. Alla tietoa ja materiaalia et\u00e4n\u00e4 kokoukseen osallistuville:\u00a0 Ennen kokousta:\u00a0 Ilmoittautuneet ovat saaneet s\u00e4hk\u00f6postitse kutsun kokoukseen. Testaa etuk\u00e4teen, ett\u00e4 p\u00e4\u00e4set liittym\u00e4\u00e4n kokoukseen. Kokoukseen voi yritt\u00e4\u00e4 liitty\u00e4 koska vain, p\u00e4\u00e4set sinne uudestaan samalla linkill\u00e4 varsinaisen kokouksen aikana.\u00a0 Tarkista, ett\u00e4 olet saanut Lindalta kutsun \u00e4\u00e4nest\u00e4m\u00e4\u00e4n, s\u00e4hk\u00f6postin otsikko on \u201dSPKY:n hallituksen &hellip; Jatka lukemista SPKY vuosikokous &rarr;","og_url":"https:\/\/www.spky.fi\/wopr\/spky-vuosikokous\/","og_site_name":"Suomen Paimenkoirayhdistys ry","article_publisher":"https:\/\/www.facebook.com\/SuomenPaimenkoirayhdistys","article_published_time":"2021-02-21T10:40:00+00:00","article_modified_time":"2022-04-12T16:31:28+00:00","author":"Linda Pihl","twitter_card":"summary_large_image","twitter_misc":{"Kirjoittanut":"Linda Pihl","Arvioitu lukuaika":"2 minuuttia"},"schema":{"@context":"https:\/\/schema.org","@graph":[{"@type":"Article","@id":"https:\/\/www.spky.fi\/wopr\/spky-vuosikokous\/#article","isPartOf":{"@id":"https:\/\/www.spky.fi\/wopr\/spky-vuosikokous\/"},"author":{"name":"Linda Pihl","@id":"https:\/\/www.spky.fi\/wopr\/#\/schema\/person\/54cf99e1a9a36497b495e2ef949612d9"},"headline":"SPKY vuosikokous","datePublished":"2021-02-21T10:40:00+00:00","dateModified":"2022-04-12T16:31:28+00:00","mainEntityOfPage":{"@id":"https:\/\/www.spky.fi\/wopr\/spky-vuosikokous\/"},"wordCount":314,"publisher":{"@id":"https:\/\/www.spky.fi\/wopr\/#organization"},"articleSection":["Hallitus tiedottaa"],"inLanguage":"fi"},{"@type":"WebPage","@id":"https:\/\/www.spky.fi\/wopr\/spky-vuosikokous\/","url":"https:\/\/www.spky.fi\/wopr\/spky-vuosikokous\/","name":"SPKY vuosikokous - Suomen Paimenkoirayhdistys ry","isPartOf":{"@id":"https:\/\/www.spky.fi\/wopr\/#website"},"datePublished":"2021-02-21T10:40:00+00:00","dateModified":"2022-04-12T16:31:28+00:00","breadcrumb":{"@id":"https:\/\/www.spky.fi\/wopr\/spky-vuosikokous\/#breadcrumb"},"inLanguage":"fi","potentialAction":[{"@type":"ReadAction","target":["https:\/\/www.spky.fi\/wopr\/spky-vuosikokous\/"]}]},{"@type":"BreadcrumbList","@id":"https:\/\/www.spky.fi\/wopr\/spky-vuosikokous\/#breadcrumb","itemListElement":[{"@type":"ListItem","position":1,"name":"Etusivu","item":"https:\/\/www.spky.fi\/wopr\/"},{"@type":"ListItem","position":2,"name":"SPKY vuosikokous"}]},{"@type":"WebSite","@id":"https:\/\/www.spky.fi\/wopr\/#website","url":"https:\/\/www.spky.fi\/wopr\/","name":"Suomen Paimenkoirayhdistys ry","description":"Suomen Paimenkoirayhdistys edist&auml;&auml; paimenkoirien ty&ouml;k&auml;ytt&ouml;&auml;. Yhdistys auttaa paimenkoirakurssien, harjoitusten, kilpailujen ja n&auml;yt&ouml;sten j&auml;rjest&auml;misess&auml;.","publisher":{"@id":"https:\/\/www.spky.fi\/wopr\/#organization"},"potentialAction":[{"@type":"SearchAction","target":{"@type":"EntryPoint","urlTemplate":"https:\/\/www.spky.fi\/wopr\/?s={search_term_string}"},"query-input":{"@type":"PropertyValueSpecification","valueRequired":true,"valueName":"search_term_string"}}],"inLanguage":"fi"},{"@type":"Organization","@id":"https:\/\/www.spky.fi\/wopr\/#organization","name":"Suomen Paimenkoirayhdistys ry","url":"https:\/\/www.spky.fi\/wopr\/","logo":{"@type":"ImageObject","inLanguage":"fi","@id":"https:\/\/www.spky.fi\/wopr\/#\/schema\/logo\/image\/","url":"https:\/\/www.spky.fi\/wopr\/wp-content\/uploads\/2024\/06\/SPKY_MUVA_PNG.png","contentUrl":"https:\/\/www.spky.fi\/wopr\/wp-content\/uploads\/2024\/06\/SPKY_MUVA_PNG.png","width":3201,"height":3126,"caption":"Suomen Paimenkoirayhdistys ry"},"image":{"@id":"https:\/\/www.spky.fi\/wopr\/#\/schema\/logo\/image\/"},"sameAs":["https:\/\/www.facebook.com\/SuomenPaimenkoirayhdistys"]},{"@type":"Person","@id":"https:\/\/www.spky.fi\/wopr\/#\/schema\/person\/54cf99e1a9a36497b495e2ef949612d9","name":"Linda Pihl","image":{"@type":"ImageObject","inLanguage":"fi","@id":"https:\/\/secure.gravatar.com\/avatar\/33a11b273a7e239e8d1ead5c1b54e59ae9224dc77060f8cecd103222728b155b?s=96&d=mm&r=g","url":"https:\/\/secure.gravatar.com\/avatar\/33a11b273a7e239e8d1ead5c1b54e59ae9224dc77060f8cecd103222728b155b?s=96&d=mm&r=g","contentUrl":"https:\/\/secure.gravatar.com\/avatar\/33a11b273a7e239e8d1ead5c1b54e59ae9224dc77060f8cecd103222728b155b?s=96&d=mm&r=g","caption":"Linda Pihl"},"url":"https:\/\/www.spky.fi\/wopr\/author\/lp\/"}]}},"jetpack_publicize_connections":[],"jetpack_featured_media_url":"","jetpack_sharing_enabled":true,"jetpack_shortlink":"https:\/\/wp.me\/paLGv4-CI","_links":{"self":[{"href":"https:\/\/www.spky.fi\/wopr\/wp-json\/wp\/v2\/posts\/2400","targetHints":{"allow":["GET"]}}],"collection":[{"href":"https:\/\/www.spky.fi\/wopr\/wp-json\/wp\/v2\/posts"}],"about":[{"href":"https:\/\/www.spky.fi\/wopr\/wp-json\/wp\/v2\/types\/post"}],"author":[{"embeddable":true,"href":"https:\/\/www.spky.fi\/wopr\/wp-json\/wp\/v2\/users\/10"}],"replies":[{"embeddable":true,"href":"https:\/\/www.spky.fi\/wopr\/wp-json\/wp\/v2\/comments?post=2400"}],"version-history":[{"count":2,"href":"https:\/\/www.spky.fi\/wopr\/wp-json\/wp\/v2\/posts\/2400\/revisions"}],"predecessor-version":[{"id":2404,"href":"https:\/\/www.spky.fi\/wopr\/wp-json\/wp\/v2\/posts\/2400\/revisions\/2404"}],"wp:attachment":[{"href":"https:\/\/www.spky.fi\/wopr\/wp-json\/wp\/v2\/media?parent=2400"}],"wp:term":[{"taxonomy":"category","embeddable":true,"href":"https:\/\/www.spky.fi\/wopr\/wp-json\/wp\/v2\/categories?post=2400"},{"taxonomy":"post_tag","embeddable":true,"href":"https:\/\/www.spky.fi\/wopr\/wp-json\/wp\/v2\/tags?post=2400"}],"curies":[{"name":"wp","href":"https:\/\/api.w.org\/{rel}","templated":true}]}}