{"id":3909,"date":"2022-08-10T08:22:05","date_gmt":"2022-08-10T08:22:05","guid":{"rendered":"https:\/\/www.spky.fi\/wopr\/?p=3909"},"modified":"2022-08-10T08:37:45","modified_gmt":"2022-08-10T08:37:45","slug":"paimennuksen-kansainvalinen-suurkilpailukausi-alkoi-heinakuussa-hollannissa-european-international-kilpailtiin-ensimmaista-kertaa","status":"publish","type":"post","link":"https:\/\/www.spky.fi\/wopr\/paimennuksen-kansainvalinen-suurkilpailukausi-alkoi-heinakuussa-hollannissa-european-international-kilpailtiin-ensimmaista-kertaa\/","title":{"rendered":"Paimennuksen kansainv\u00e4linen suurkilpailukausi alkoi hein\u00e4kuussa Hollannissa \u2013 European International kilpailtiin ensimm\u00e4ist\u00e4 kertaa"},"content":{"rendered":"\n<h2>Anja Lehti\u00f6 ja Kemi Rhemy hienosti kokonaiskisan seitsem\u00e4nsi\u00e4<\/h2>\n<p>European International Hollannin Hoogwoudissa avasi kansainv\u00e4lisen suurkilpailukauden komeasti 20.-24.7.2022. Alun perin kisa oli tarkoitus pit\u00e4\u00e4 paimennuksen Continental Sheepdog Championship eli Manner-Euroopan EM-kisoina vuonna 2021, mutta covid-epidemia esti tapahtuman j\u00e4rjest\u00e4misen. Hollantilainen kisaj\u00e4rjest\u00e4j\u00e4 Erik Groot taustavoimineen kuitenkin halusi kisat j\u00e4rjestett\u00e4v\u00e4n, joten European International syntyi ja suurempana kuin alkuper\u00e4inen tarkoitus olikaan. Viiden p\u00e4iv\u00e4n aikana yhteens\u00e4 195 ajettuun rataan mahtui kyll\u00e4 kaikenlaista. Lampaat p\u00e4\u00e4siv\u00e4t yll\u00e4tt\u00e4m\u00e4\u00e4n, finaalirata oli v\u00e4hint\u00e4\u00e4n sanottuna haastava ja s\u00e4\u00e4kin tarjoili jos jonkinmoista v\u00e4\u00e4nt\u00f6\u00e4 &#8211; hellett\u00e4, sadetta ja varsinkin kovaa tuulta.<\/p>\n<figure id=\"attachment_3916\" aria-describedby=\"caption-attachment-3916\" style=\"width: 2560px\" class=\"wp-caption alignnone\"><a href=\"https:\/\/www.spky.fi\/wopr\/wp-content\/uploads\/2022\/08\/20220724_European-International-scaled.jpg\"><img loading=\"lazy\" decoding=\"async\" class=\"size-full wp-image-3916\" src=\"https:\/\/www.spky.fi\/wopr\/wp-content\/uploads\/2022\/08\/20220724_European-International-scaled.jpg\" alt=\"\" width=\"2560\" height=\"1440\" srcset=\"https:\/\/www.spky.fi\/wopr\/wp-content\/uploads\/2022\/08\/20220724_European-International-scaled.jpg 2560w, https:\/\/www.spky.fi\/wopr\/wp-content\/uploads\/2022\/08\/20220724_European-International-300x169.jpg 300w, https:\/\/www.spky.fi\/wopr\/wp-content\/uploads\/2022\/08\/20220724_European-International-1024x576.jpg 1024w, https:\/\/www.spky.fi\/wopr\/wp-content\/uploads\/2022\/08\/20220724_European-International-768x432.jpg 768w, https:\/\/www.spky.fi\/wopr\/wp-content\/uploads\/2022\/08\/20220724_European-International-1536x864.jpg 1536w, https:\/\/www.spky.fi\/wopr\/wp-content\/uploads\/2022\/08\/20220724_European-International-2048x1152.jpg 2048w\" sizes=\"auto, (max-width: 2560px) 100vw, 2560px\" \/><\/a><figcaption id=\"caption-attachment-3916\" class=\"wp-caption-text\">Suomen joukkue. Kuva: Anne Konsti<\/figcaption><\/figure>\n<p>Suomen joukkue teki tyylik\u00e4st\u00e4 ty\u00f6t\u00e4 kokonaisuudessaan. Koirakoilla oli vaikeaa. Rata ei silm\u00e4m\u00e4\u00e4r\u00e4isesti ollut suuri tai vaikea, mutta eritt\u00e4in omap\u00e4iset, kookkaat ja arvonsa tuntevat schoonebeeker rodun uuhet laittoivat koirat j\u00e4rjestykseen. Kolmen p\u00e4iv\u00e4n aikana karsittiin yli 130 koirakon joukosta 45 semifinalistia, joista finaaliin jatkoi 15 parasta. Suomalaiset 8 koirakon joukkueellaan saivat ehjill\u00e4 ja kokonaisilla suorituksilla semifinaaliin kolme kilpailijaa: Anja Lehti\u00f6 ja Kemi Rhemy Liedosta, Michaela Wikberg ja Putte Korsn\u00e4sista sek\u00e4 Jonna Paasila ja Muscidas Boomer \u201dSumo\u201d Vantaalta.<\/p>\n<p>Kemi Rhemy ohjaajansa Anja Lehti\u00f6n kanssa onnistui p\u00e4\u00e4sem\u00e4\u00e4n tuplahku \u2013 suurijako finaliin, joka osoittautui eritt\u00e4in haastavaksi melko erikoisen kakkoshaun j\u00e4rjestelyns\u00e4 vuoksi. Koira piti ohjata leve\u00e4n ojan p\u00e4\u00e4lle rakennetun sillan kautta toiselle peltolohkolle hakemaan toinen lammaslauma ja tuomaan ne samaa kautta takaisin alkuper\u00e4iselle pellolle. T\u00e4m\u00e4 aiheutti suuria vaikeuksia jopa Euroopan huippuohjaajille ja puolet finaalin kilpailijoista joutuivatkin keskeytt\u00e4m\u00e4\u00e4n ratansa. Suomalaist\u00e4hti Anja Lehti\u00f6 onnistui radallaan aina suureen jakoon asti, jossa valitettavasti aika loppui. Se riitti kuitenkin hienosti finaalin 7. sijaan. Kilpailun arvostelivat irlantilaisveljekset Stephen ja Paul O\u2019Donnell.<br \/><br \/>Kilpailun kolme parasta:<br \/>1. Susanne Lejuez ja Eryn Alankomaat 268 pistett\u00e4<br \/>2. Hendrik Kienker ja Star Saksa 234 pistett\u00e4<br \/>3. Nicolas Annaloro ja Lynn Ranska 199 pistett\u00e4 \u2026..<br \/>7. Anja Maria Lehti\u00f6 ja Kemi Rhemy Suomi 142 pistett\u00e4<\/p>\n<ul>\n<li><a href=\"https:\/\/european-international.nl\/\" target=\"_blank\" rel=\"noopener\">Kilpailun nettisivut<\/a><\/li>\n<li><a href=\"https:\/\/trialsrv.com\/common\/results\/results.php?35\" target=\"_blank\" rel=\"noopener\">Finaalin tulokset 24.7.2022<\/a><\/li>\n<\/ul>\n<p>\u00a0<\/p>\n","protected":false},"excerpt":{"rendered":"<p>Anja Lehti\u00f6 ja Kemi Rhemy hienosti kokonaiskisan seitsem\u00e4nsi\u00e4 European International Hollannin Hoogwoudissa avasi kansainv\u00e4lisen suurkilpailukauden komeasti 20.-24.7.2022. Alun perin kisa oli tarkoitus pit\u00e4\u00e4 paimennuksen Continental Sheepdog Championship eli Manner-Euroopan EM-kisoina vuonna 2021, mutta covid-epidemia esti tapahtuman j\u00e4rjest\u00e4misen. Hollantilainen kisaj\u00e4rjest\u00e4j\u00e4 Erik Groot taustavoimineen kuitenkin halusi kisat j\u00e4rjestett\u00e4v\u00e4n, joten European International syntyi ja suurempana kuin alkuper\u00e4inen tarkoitus &hellip; <a href=\"https:\/\/www.spky.fi\/wopr\/paimennuksen-kansainvalinen-suurkilpailukausi-alkoi-heinakuussa-hollannissa-european-international-kilpailtiin-ensimmaista-kertaa\/\" class=\"more-link\">Jatka lukemista <span class=\"screen-reader-text\">Paimennuksen kansainv\u00e4linen suurkilpailukausi alkoi hein\u00e4kuussa Hollannissa \u2013 European International kilpailtiin ensimm\u00e4ist\u00e4 kertaa<\/span> <span class=\"meta-nav\">&rarr;<\/span><\/a><\/p>\n","protected":false},"author":6,"featured_media":0,"comment_status":"closed","ping_status":"closed","sticky":false,"template":"","format":"standard","meta":{"jetpack_post_was_ever_published":false,"_jetpack_newsletter_access":"","_jetpack_dont_email_post_to_subs":false,"_jetpack_newsletter_tier_id":0,"_jetpack_memberships_contains_paywalled_content":false,"_jetpack_memberships_contains_paid_content":false,"footnotes":"","jetpack_publicize_message":"","jetpack_publicize_feature_enabled":true,"jetpack_social_post_already_shared":true,"jetpack_social_options":{"image_generator_settings":{"template":"highway","default_image_id":0,"font":"","enabled":false},"version":2}},"categories":[7],"tags":[],"class_list":["post-3909","post","type-post","status-publish","format-standard","hentry","category-kilpailuasiat"],"yoast_head":"<!-- This site is optimized with the Yoast SEO plugin v27.5 - https:\/\/yoast.com\/product\/yoast-seo-wordpress\/ -->\n<title>Paimennuksen kansainv\u00e4linen suurkilpailukausi alkoi hein\u00e4kuussa Hollannissa \u2013 European International kilpailtiin ensimm\u00e4ist\u00e4 kertaa - Suomen Paimenkoirayhdistys ry<\/title>\n<meta name=\"robots\" content=\"index, follow, max-snippet:-1, max-image-preview:large, max-video-preview:-1\" \/>\n<link rel=\"canonical\" href=\"https:\/\/www.spky.fi\/wopr\/paimennuksen-kansainvalinen-suurkilpailukausi-alkoi-heinakuussa-hollannissa-european-international-kilpailtiin-ensimmaista-kertaa\/\" \/>\n<meta property=\"og:locale\" content=\"fi_FI\" \/>\n<meta property=\"og:type\" content=\"article\" \/>\n<meta property=\"og:title\" content=\"Paimennuksen kansainv\u00e4linen suurkilpailukausi alkoi hein\u00e4kuussa Hollannissa \u2013 European International kilpailtiin ensimm\u00e4ist\u00e4 kertaa - Suomen Paimenkoirayhdistys ry\" \/>\n<meta property=\"og:description\" content=\"Anja Lehti\u00f6 ja Kemi Rhemy hienosti kokonaiskisan seitsem\u00e4nsi\u00e4 European International Hollannin Hoogwoudissa avasi kansainv\u00e4lisen suurkilpailukauden komeasti 20.-24.7.2022. Alun perin kisa oli tarkoitus pit\u00e4\u00e4 paimennuksen Continental Sheepdog Championship eli Manner-Euroopan EM-kisoina vuonna 2021, mutta covid-epidemia esti tapahtuman j\u00e4rjest\u00e4misen. Hollantilainen kisaj\u00e4rjest\u00e4j\u00e4 Erik Groot taustavoimineen kuitenkin halusi kisat j\u00e4rjestett\u00e4v\u00e4n, joten European International syntyi ja suurempana kuin alkuper\u00e4inen tarkoitus &hellip; Jatka lukemista Paimennuksen kansainv\u00e4linen suurkilpailukausi alkoi hein\u00e4kuussa Hollannissa \u2013 European International kilpailtiin ensimm\u00e4ist\u00e4 kertaa &rarr;\" \/>\n<meta property=\"og:url\" content=\"https:\/\/www.spky.fi\/wopr\/paimennuksen-kansainvalinen-suurkilpailukausi-alkoi-heinakuussa-hollannissa-european-international-kilpailtiin-ensimmaista-kertaa\/\" \/>\n<meta property=\"og:site_name\" content=\"Suomen Paimenkoirayhdistys ry\" \/>\n<meta property=\"article:publisher\" content=\"https:\/\/www.facebook.com\/SuomenPaimenkoirayhdistys\" \/>\n<meta property=\"article:published_time\" content=\"2022-08-10T08:22:05+00:00\" \/>\n<meta property=\"article:modified_time\" content=\"2022-08-10T08:37:45+00:00\" \/>\n<meta property=\"og:image\" content=\"https:\/\/www.spky.fi\/wopr\/wp-content\/uploads\/2022\/08\/20220724_European-International-scaled.jpg\" \/>\n<meta name=\"author\" content=\"Anne Konsti\" \/>\n<meta name=\"twitter:card\" content=\"summary_large_image\" \/>\n<meta name=\"twitter:label1\" content=\"Kirjoittanut\" \/>\n\t<meta name=\"twitter:data1\" content=\"Anne Konsti\" \/>\n\t<meta name=\"twitter:label2\" content=\"Arvioitu lukuaika\" \/>\n\t<meta name=\"twitter:data2\" content=\"2 minuuttia\" \/>\n<script type=\"application\/ld+json\" class=\"yoast-schema-graph\">{\"@context\":\"https:\\\/\\\/schema.org\",\"@graph\":[{\"@type\":\"Article\",\"@id\":\"https:\\\/\\\/www.spky.fi\\\/wopr\\\/paimennuksen-kansainvalinen-suurkilpailukausi-alkoi-heinakuussa-hollannissa-european-international-kilpailtiin-ensimmaista-kertaa\\\/#article\",\"isPartOf\":{\"@id\":\"https:\\\/\\\/www.spky.fi\\\/wopr\\\/paimennuksen-kansainvalinen-suurkilpailukausi-alkoi-heinakuussa-hollannissa-european-international-kilpailtiin-ensimmaista-kertaa\\\/\"},\"author\":{\"name\":\"Anne Konsti\",\"@id\":\"https:\\\/\\\/www.spky.fi\\\/wopr\\\/#\\\/schema\\\/person\\\/cc57627cdd2d43d6044bc641129ddfb7\"},\"headline\":\"Paimennuksen kansainv\u00e4linen suurkilpailukausi alkoi hein\u00e4kuussa Hollannissa \u2013 European International kilpailtiin ensimm\u00e4ist\u00e4 kertaa\",\"datePublished\":\"2022-08-10T08:22:05+00:00\",\"dateModified\":\"2022-08-10T08:37:45+00:00\",\"mainEntityOfPage\":{\"@id\":\"https:\\\/\\\/www.spky.fi\\\/wopr\\\/paimennuksen-kansainvalinen-suurkilpailukausi-alkoi-heinakuussa-hollannissa-european-international-kilpailtiin-ensimmaista-kertaa\\\/\"},\"wordCount\":342,\"publisher\":{\"@id\":\"https:\\\/\\\/www.spky.fi\\\/wopr\\\/#organization\"},\"image\":{\"@id\":\"https:\\\/\\\/www.spky.fi\\\/wopr\\\/paimennuksen-kansainvalinen-suurkilpailukausi-alkoi-heinakuussa-hollannissa-european-international-kilpailtiin-ensimmaista-kertaa\\\/#primaryimage\"},\"thumbnailUrl\":\"https:\\\/\\\/www.spky.fi\\\/wopr\\\/wp-content\\\/uploads\\\/2022\\\/08\\\/20220724_European-International-scaled.jpg\",\"articleSection\":[\"Kilpailuasiat\"],\"inLanguage\":\"fi\"},{\"@type\":\"WebPage\",\"@id\":\"https:\\\/\\\/www.spky.fi\\\/wopr\\\/paimennuksen-kansainvalinen-suurkilpailukausi-alkoi-heinakuussa-hollannissa-european-international-kilpailtiin-ensimmaista-kertaa\\\/\",\"url\":\"https:\\\/\\\/www.spky.fi\\\/wopr\\\/paimennuksen-kansainvalinen-suurkilpailukausi-alkoi-heinakuussa-hollannissa-european-international-kilpailtiin-ensimmaista-kertaa\\\/\",\"name\":\"Paimennuksen kansainv\u00e4linen suurkilpailukausi alkoi hein\u00e4kuussa Hollannissa \u2013 European International kilpailtiin ensimm\u00e4ist\u00e4 kertaa - Suomen Paimenkoirayhdistys ry\",\"isPartOf\":{\"@id\":\"https:\\\/\\\/www.spky.fi\\\/wopr\\\/#website\"},\"primaryImageOfPage\":{\"@id\":\"https:\\\/\\\/www.spky.fi\\\/wopr\\\/paimennuksen-kansainvalinen-suurkilpailukausi-alkoi-heinakuussa-hollannissa-european-international-kilpailtiin-ensimmaista-kertaa\\\/#primaryimage\"},\"image\":{\"@id\":\"https:\\\/\\\/www.spky.fi\\\/wopr\\\/paimennuksen-kansainvalinen-suurkilpailukausi-alkoi-heinakuussa-hollannissa-european-international-kilpailtiin-ensimmaista-kertaa\\\/#primaryimage\"},\"thumbnailUrl\":\"https:\\\/\\\/www.spky.fi\\\/wopr\\\/wp-content\\\/uploads\\\/2022\\\/08\\\/20220724_European-International-scaled.jpg\",\"datePublished\":\"2022-08-10T08:22:05+00:00\",\"dateModified\":\"2022-08-10T08:37:45+00:00\",\"breadcrumb\":{\"@id\":\"https:\\\/\\\/www.spky.fi\\\/wopr\\\/paimennuksen-kansainvalinen-suurkilpailukausi-alkoi-heinakuussa-hollannissa-european-international-kilpailtiin-ensimmaista-kertaa\\\/#breadcrumb\"},\"inLanguage\":\"fi\",\"potentialAction\":[{\"@type\":\"ReadAction\",\"target\":[\"https:\\\/\\\/www.spky.fi\\\/wopr\\\/paimennuksen-kansainvalinen-suurkilpailukausi-alkoi-heinakuussa-hollannissa-european-international-kilpailtiin-ensimmaista-kertaa\\\/\"]}]},{\"@type\":\"ImageObject\",\"inLanguage\":\"fi\",\"@id\":\"https:\\\/\\\/www.spky.fi\\\/wopr\\\/paimennuksen-kansainvalinen-suurkilpailukausi-alkoi-heinakuussa-hollannissa-european-international-kilpailtiin-ensimmaista-kertaa\\\/#primaryimage\",\"url\":\"https:\\\/\\\/www.spky.fi\\\/wopr\\\/wp-content\\\/uploads\\\/2022\\\/08\\\/20220724_European-International-scaled.jpg\",\"contentUrl\":\"https:\\\/\\\/www.spky.fi\\\/wopr\\\/wp-content\\\/uploads\\\/2022\\\/08\\\/20220724_European-International-scaled.jpg\"},{\"@type\":\"BreadcrumbList\",\"@id\":\"https:\\\/\\\/www.spky.fi\\\/wopr\\\/paimennuksen-kansainvalinen-suurkilpailukausi-alkoi-heinakuussa-hollannissa-european-international-kilpailtiin-ensimmaista-kertaa\\\/#breadcrumb\",\"itemListElement\":[{\"@type\":\"ListItem\",\"position\":1,\"name\":\"Etusivu\",\"item\":\"https:\\\/\\\/www.spky.fi\\\/wopr\\\/\"},{\"@type\":\"ListItem\",\"position\":2,\"name\":\"Paimennuksen kansainv\u00e4linen suurkilpailukausi alkoi hein\u00e4kuussa Hollannissa \u2013 European International kilpailtiin ensimm\u00e4ist\u00e4 kertaa\"}]},{\"@type\":\"WebSite\",\"@id\":\"https:\\\/\\\/www.spky.fi\\\/wopr\\\/#website\",\"url\":\"https:\\\/\\\/www.spky.fi\\\/wopr\\\/\",\"name\":\"Suomen Paimenkoirayhdistys ry\",\"description\":\"Suomen Paimenkoirayhdistys edist&auml;&auml; paimenkoirien ty&ouml;k&auml;ytt&ouml;&auml;. Yhdistys auttaa paimenkoirakurssien, harjoitusten, kilpailujen ja n&auml;yt&ouml;sten j&auml;rjest&auml;misess&auml;.\",\"publisher\":{\"@id\":\"https:\\\/\\\/www.spky.fi\\\/wopr\\\/#organization\"},\"potentialAction\":[{\"@type\":\"SearchAction\",\"target\":{\"@type\":\"EntryPoint\",\"urlTemplate\":\"https:\\\/\\\/www.spky.fi\\\/wopr\\\/?s={search_term_string}\"},\"query-input\":{\"@type\":\"PropertyValueSpecification\",\"valueRequired\":true,\"valueName\":\"search_term_string\"}}],\"inLanguage\":\"fi\"},{\"@type\":\"Organization\",\"@id\":\"https:\\\/\\\/www.spky.fi\\\/wopr\\\/#organization\",\"name\":\"Suomen Paimenkoirayhdistys ry\",\"url\":\"https:\\\/\\\/www.spky.fi\\\/wopr\\\/\",\"logo\":{\"@type\":\"ImageObject\",\"inLanguage\":\"fi\",\"@id\":\"https:\\\/\\\/www.spky.fi\\\/wopr\\\/#\\\/schema\\\/logo\\\/image\\\/\",\"url\":\"https:\\\/\\\/www.spky.fi\\\/wopr\\\/wp-content\\\/uploads\\\/2024\\\/06\\\/SPKY_MUVA_PNG.png\",\"contentUrl\":\"https:\\\/\\\/www.spky.fi\\\/wopr\\\/wp-content\\\/uploads\\\/2024\\\/06\\\/SPKY_MUVA_PNG.png\",\"width\":3201,\"height\":3126,\"caption\":\"Suomen Paimenkoirayhdistys ry\"},\"image\":{\"@id\":\"https:\\\/\\\/www.spky.fi\\\/wopr\\\/#\\\/schema\\\/logo\\\/image\\\/\"},\"sameAs\":[\"https:\\\/\\\/www.facebook.com\\\/SuomenPaimenkoirayhdistys\"]},{\"@type\":\"Person\",\"@id\":\"https:\\\/\\\/www.spky.fi\\\/wopr\\\/#\\\/schema\\\/person\\\/cc57627cdd2d43d6044bc641129ddfb7\",\"name\":\"Anne Konsti\",\"image\":{\"@type\":\"ImageObject\",\"inLanguage\":\"fi\",\"@id\":\"https:\\\/\\\/secure.gravatar.com\\\/avatar\\\/4d7cddae6747800b0a713db84d92a020c2d171aaaca378e3d0ea39ab3396f90c?s=96&d=mm&r=g\",\"url\":\"https:\\\/\\\/secure.gravatar.com\\\/avatar\\\/4d7cddae6747800b0a713db84d92a020c2d171aaaca378e3d0ea39ab3396f90c?s=96&d=mm&r=g\",\"contentUrl\":\"https:\\\/\\\/secure.gravatar.com\\\/avatar\\\/4d7cddae6747800b0a713db84d92a020c2d171aaaca378e3d0ea39ab3396f90c?s=96&d=mm&r=g\",\"caption\":\"Anne Konsti\"},\"url\":\"https:\\\/\\\/www.spky.fi\\\/wopr\\\/author\\\/ak\\\/\"}]}<\/script>\n<!-- \/ Yoast SEO plugin. -->","yoast_head_json":{"title":"Paimennuksen kansainv\u00e4linen suurkilpailukausi alkoi hein\u00e4kuussa Hollannissa \u2013 European International kilpailtiin ensimm\u00e4ist\u00e4 kertaa - Suomen Paimenkoirayhdistys ry","robots":{"index":"index","follow":"follow","max-snippet":"max-snippet:-1","max-image-preview":"max-image-preview:large","max-video-preview":"max-video-preview:-1"},"canonical":"https:\/\/www.spky.fi\/wopr\/paimennuksen-kansainvalinen-suurkilpailukausi-alkoi-heinakuussa-hollannissa-european-international-kilpailtiin-ensimmaista-kertaa\/","og_locale":"fi_FI","og_type":"article","og_title":"Paimennuksen kansainv\u00e4linen suurkilpailukausi alkoi hein\u00e4kuussa Hollannissa \u2013 European International kilpailtiin ensimm\u00e4ist\u00e4 kertaa - Suomen Paimenkoirayhdistys ry","og_description":"Anja Lehti\u00f6 ja Kemi Rhemy hienosti kokonaiskisan seitsem\u00e4nsi\u00e4 European International Hollannin Hoogwoudissa avasi kansainv\u00e4lisen suurkilpailukauden komeasti 20.-24.7.2022. Alun perin kisa oli tarkoitus pit\u00e4\u00e4 paimennuksen Continental Sheepdog Championship eli Manner-Euroopan EM-kisoina vuonna 2021, mutta covid-epidemia esti tapahtuman j\u00e4rjest\u00e4misen. Hollantilainen kisaj\u00e4rjest\u00e4j\u00e4 Erik Groot taustavoimineen kuitenkin halusi kisat j\u00e4rjestett\u00e4v\u00e4n, joten European International syntyi ja suurempana kuin alkuper\u00e4inen tarkoitus &hellip; Jatka lukemista Paimennuksen kansainv\u00e4linen suurkilpailukausi alkoi hein\u00e4kuussa Hollannissa \u2013 European International kilpailtiin ensimm\u00e4ist\u00e4 kertaa &rarr;","og_url":"https:\/\/www.spky.fi\/wopr\/paimennuksen-kansainvalinen-suurkilpailukausi-alkoi-heinakuussa-hollannissa-european-international-kilpailtiin-ensimmaista-kertaa\/","og_site_name":"Suomen Paimenkoirayhdistys ry","article_publisher":"https:\/\/www.facebook.com\/SuomenPaimenkoirayhdistys","article_published_time":"2022-08-10T08:22:05+00:00","article_modified_time":"2022-08-10T08:37:45+00:00","og_image":[{"url":"https:\/\/www.spky.fi\/wopr\/wp-content\/uploads\/2022\/08\/20220724_European-International-scaled.jpg","type":"","width":"","height":""}],"author":"Anne Konsti","twitter_card":"summary_large_image","twitter_misc":{"Kirjoittanut":"Anne Konsti","Arvioitu lukuaika":"2 minuuttia"},"schema":{"@context":"https:\/\/schema.org","@graph":[{"@type":"Article","@id":"https:\/\/www.spky.fi\/wopr\/paimennuksen-kansainvalinen-suurkilpailukausi-alkoi-heinakuussa-hollannissa-european-international-kilpailtiin-ensimmaista-kertaa\/#article","isPartOf":{"@id":"https:\/\/www.spky.fi\/wopr\/paimennuksen-kansainvalinen-suurkilpailukausi-alkoi-heinakuussa-hollannissa-european-international-kilpailtiin-ensimmaista-kertaa\/"},"author":{"name":"Anne Konsti","@id":"https:\/\/www.spky.fi\/wopr\/#\/schema\/person\/cc57627cdd2d43d6044bc641129ddfb7"},"headline":"Paimennuksen kansainv\u00e4linen suurkilpailukausi alkoi hein\u00e4kuussa Hollannissa \u2013 European International kilpailtiin ensimm\u00e4ist\u00e4 kertaa","datePublished":"2022-08-10T08:22:05+00:00","dateModified":"2022-08-10T08:37:45+00:00","mainEntityOfPage":{"@id":"https:\/\/www.spky.fi\/wopr\/paimennuksen-kansainvalinen-suurkilpailukausi-alkoi-heinakuussa-hollannissa-european-international-kilpailtiin-ensimmaista-kertaa\/"},"wordCount":342,"publisher":{"@id":"https:\/\/www.spky.fi\/wopr\/#organization"},"image":{"@id":"https:\/\/www.spky.fi\/wopr\/paimennuksen-kansainvalinen-suurkilpailukausi-alkoi-heinakuussa-hollannissa-european-international-kilpailtiin-ensimmaista-kertaa\/#primaryimage"},"thumbnailUrl":"https:\/\/www.spky.fi\/wopr\/wp-content\/uploads\/2022\/08\/20220724_European-International-scaled.jpg","articleSection":["Kilpailuasiat"],"inLanguage":"fi"},{"@type":"WebPage","@id":"https:\/\/www.spky.fi\/wopr\/paimennuksen-kansainvalinen-suurkilpailukausi-alkoi-heinakuussa-hollannissa-european-international-kilpailtiin-ensimmaista-kertaa\/","url":"https:\/\/www.spky.fi\/wopr\/paimennuksen-kansainvalinen-suurkilpailukausi-alkoi-heinakuussa-hollannissa-european-international-kilpailtiin-ensimmaista-kertaa\/","name":"Paimennuksen kansainv\u00e4linen suurkilpailukausi alkoi hein\u00e4kuussa Hollannissa \u2013 European International kilpailtiin ensimm\u00e4ist\u00e4 kertaa - Suomen Paimenkoirayhdistys ry","isPartOf":{"@id":"https:\/\/www.spky.fi\/wopr\/#website"},"primaryImageOfPage":{"@id":"https:\/\/www.spky.fi\/wopr\/paimennuksen-kansainvalinen-suurkilpailukausi-alkoi-heinakuussa-hollannissa-european-international-kilpailtiin-ensimmaista-kertaa\/#primaryimage"},"image":{"@id":"https:\/\/www.spky.fi\/wopr\/paimennuksen-kansainvalinen-suurkilpailukausi-alkoi-heinakuussa-hollannissa-european-international-kilpailtiin-ensimmaista-kertaa\/#primaryimage"},"thumbnailUrl":"https:\/\/www.spky.fi\/wopr\/wp-content\/uploads\/2022\/08\/20220724_European-International-scaled.jpg","datePublished":"2022-08-10T08:22:05+00:00","dateModified":"2022-08-10T08:37:45+00:00","breadcrumb":{"@id":"https:\/\/www.spky.fi\/wopr\/paimennuksen-kansainvalinen-suurkilpailukausi-alkoi-heinakuussa-hollannissa-european-international-kilpailtiin-ensimmaista-kertaa\/#breadcrumb"},"inLanguage":"fi","potentialAction":[{"@type":"ReadAction","target":["https:\/\/www.spky.fi\/wopr\/paimennuksen-kansainvalinen-suurkilpailukausi-alkoi-heinakuussa-hollannissa-european-international-kilpailtiin-ensimmaista-kertaa\/"]}]},{"@type":"ImageObject","inLanguage":"fi","@id":"https:\/\/www.spky.fi\/wopr\/paimennuksen-kansainvalinen-suurkilpailukausi-alkoi-heinakuussa-hollannissa-european-international-kilpailtiin-ensimmaista-kertaa\/#primaryimage","url":"https:\/\/www.spky.fi\/wopr\/wp-content\/uploads\/2022\/08\/20220724_European-International-scaled.jpg","contentUrl":"https:\/\/www.spky.fi\/wopr\/wp-content\/uploads\/2022\/08\/20220724_European-International-scaled.jpg"},{"@type":"BreadcrumbList","@id":"https:\/\/www.spky.fi\/wopr\/paimennuksen-kansainvalinen-suurkilpailukausi-alkoi-heinakuussa-hollannissa-european-international-kilpailtiin-ensimmaista-kertaa\/#breadcrumb","itemListElement":[{"@type":"ListItem","position":1,"name":"Etusivu","item":"https:\/\/www.spky.fi\/wopr\/"},{"@type":"ListItem","position":2,"name":"Paimennuksen kansainv\u00e4linen suurkilpailukausi alkoi hein\u00e4kuussa Hollannissa \u2013 European International kilpailtiin ensimm\u00e4ist\u00e4 kertaa"}]},{"@type":"WebSite","@id":"https:\/\/www.spky.fi\/wopr\/#website","url":"https:\/\/www.spky.fi\/wopr\/","name":"Suomen Paimenkoirayhdistys ry","description":"Suomen Paimenkoirayhdistys edist&auml;&auml; paimenkoirien ty&ouml;k&auml;ytt&ouml;&auml;. Yhdistys auttaa paimenkoirakurssien, harjoitusten, kilpailujen ja n&auml;yt&ouml;sten j&auml;rjest&auml;misess&auml;.","publisher":{"@id":"https:\/\/www.spky.fi\/wopr\/#organization"},"potentialAction":[{"@type":"SearchAction","target":{"@type":"EntryPoint","urlTemplate":"https:\/\/www.spky.fi\/wopr\/?s={search_term_string}"},"query-input":{"@type":"PropertyValueSpecification","valueRequired":true,"valueName":"search_term_string"}}],"inLanguage":"fi"},{"@type":"Organization","@id":"https:\/\/www.spky.fi\/wopr\/#organization","name":"Suomen Paimenkoirayhdistys ry","url":"https:\/\/www.spky.fi\/wopr\/","logo":{"@type":"ImageObject","inLanguage":"fi","@id":"https:\/\/www.spky.fi\/wopr\/#\/schema\/logo\/image\/","url":"https:\/\/www.spky.fi\/wopr\/wp-content\/uploads\/2024\/06\/SPKY_MUVA_PNG.png","contentUrl":"https:\/\/www.spky.fi\/wopr\/wp-content\/uploads\/2024\/06\/SPKY_MUVA_PNG.png","width":3201,"height":3126,"caption":"Suomen Paimenkoirayhdistys ry"},"image":{"@id":"https:\/\/www.spky.fi\/wopr\/#\/schema\/logo\/image\/"},"sameAs":["https:\/\/www.facebook.com\/SuomenPaimenkoirayhdistys"]},{"@type":"Person","@id":"https:\/\/www.spky.fi\/wopr\/#\/schema\/person\/cc57627cdd2d43d6044bc641129ddfb7","name":"Anne Konsti","image":{"@type":"ImageObject","inLanguage":"fi","@id":"https:\/\/secure.gravatar.com\/avatar\/4d7cddae6747800b0a713db84d92a020c2d171aaaca378e3d0ea39ab3396f90c?s=96&d=mm&r=g","url":"https:\/\/secure.gravatar.com\/avatar\/4d7cddae6747800b0a713db84d92a020c2d171aaaca378e3d0ea39ab3396f90c?s=96&d=mm&r=g","contentUrl":"https:\/\/secure.gravatar.com\/avatar\/4d7cddae6747800b0a713db84d92a020c2d171aaaca378e3d0ea39ab3396f90c?s=96&d=mm&r=g","caption":"Anne Konsti"},"url":"https:\/\/www.spky.fi\/wopr\/author\/ak\/"}]}},"jetpack_publicize_connections":[],"jetpack_featured_media_url":"","jetpack_sharing_enabled":true,"jetpack_shortlink":"https:\/\/wp.me\/paLGv4-113","_links":{"self":[{"href":"https:\/\/www.spky.fi\/wopr\/wp-json\/wp\/v2\/posts\/3909","targetHints":{"allow":["GET"]}}],"collection":[{"href":"https:\/\/www.spky.fi\/wopr\/wp-json\/wp\/v2\/posts"}],"about":[{"href":"https:\/\/www.spky.fi\/wopr\/wp-json\/wp\/v2\/types\/post"}],"author":[{"embeddable":true,"href":"https:\/\/www.spky.fi\/wopr\/wp-json\/wp\/v2\/users\/6"}],"replies":[{"embeddable":true,"href":"https:\/\/www.spky.fi\/wopr\/wp-json\/wp\/v2\/comments?post=3909"}],"version-history":[{"count":6,"href":"https:\/\/www.spky.fi\/wopr\/wp-json\/wp\/v2\/posts\/3909\/revisions"}],"predecessor-version":[{"id":3918,"href":"https:\/\/www.spky.fi\/wopr\/wp-json\/wp\/v2\/posts\/3909\/revisions\/3918"}],"wp:attachment":[{"href":"https:\/\/www.spky.fi\/wopr\/wp-json\/wp\/v2\/media?parent=3909"}],"wp:term":[{"taxonomy":"category","embeddable":true,"href":"https:\/\/www.spky.fi\/wopr\/wp-json\/wp\/v2\/categories?post=3909"},{"taxonomy":"post_tag","embeddable":true,"href":"https:\/\/www.spky.fi\/wopr\/wp-json\/wp\/v2\/tags?post=3909"}],"curies":[{"name":"wp","href":"https:\/\/api.w.org\/{rel}","templated":true}]}}