{"id":4287,"date":"2023-01-24T20:00:56","date_gmt":"2023-01-24T20:00:56","guid":{"rendered":"https:\/\/www.spky.fi\/wopr\/?p=4287"},"modified":"2023-01-24T20:00:56","modified_gmt":"2023-01-24T20:00:56","slug":"vuosikokous-2023-kiteella-la-11-3-2023","status":"publish","type":"post","link":"https:\/\/www.spky.fi\/wopr\/vuosikokous-2023-kiteella-la-11-3-2023\/","title":{"rendered":"Vuosikokous 2023 Kiteell\u00e4 la 11.3.2023"},"content":{"rendered":"\n\n\n<p style=\"text-align: left;\">Muista ilmoittautua vuosikokoukseen! Tervetuloa!<a href=\"https:\/\/www.spky.fi\/wopr\/wp-content\/uploads\/2023\/01\/Vuosikokous-2023-scaled.jpg\"><br \/><img loading=\"lazy\" decoding=\"async\" class=\"size-large wp-image-4289 alignleft\" src=\"https:\/\/www.spky.fi\/wopr\/wp-content\/uploads\/2023\/01\/Vuosikokous-2023-724x1024.jpg\" alt=\"\" width=\"474\" height=\"670\" srcset=\"https:\/\/www.spky.fi\/wopr\/wp-content\/uploads\/2023\/01\/Vuosikokous-2023-724x1024.jpg 724w, https:\/\/www.spky.fi\/wopr\/wp-content\/uploads\/2023\/01\/Vuosikokous-2023-212x300.jpg 212w, https:\/\/www.spky.fi\/wopr\/wp-content\/uploads\/2023\/01\/Vuosikokous-2023-768x1086.jpg 768w, https:\/\/www.spky.fi\/wopr\/wp-content\/uploads\/2023\/01\/Vuosikokous-2023-1086x1536.jpg 1086w, https:\/\/www.spky.fi\/wopr\/wp-content\/uploads\/2023\/01\/Vuosikokous-2023-1448x2048.jpg 1448w, https:\/\/www.spky.fi\/wopr\/wp-content\/uploads\/2023\/01\/Vuosikokous-2023-scaled.jpg 1810w\" sizes=\"auto, (max-width: 474px) 100vw, 474px\" \/><\/a><\/p>\n","protected":false},"excerpt":{"rendered":"<p>Muista ilmoittautua vuosikokoukseen! Tervetuloa!<\/p>\n","protected":false},"author":2,"featured_media":0,"comment_status":"closed","ping_status":"closed","sticky":false,"template":"","format":"standard","meta":{"jetpack_post_was_ever_published":false,"_jetpack_newsletter_access":"","_jetpack_dont_email_post_to_subs":false,"_jetpack_newsletter_tier_id":0,"_jetpack_memberships_contains_paywalled_content":false,"_jetpack_memberships_contains_paid_content":false,"footnotes":"","jetpack_publicize_message":"","jetpack_publicize_feature_enabled":true,"jetpack_social_post_already_shared":true,"jetpack_social_options":{"image_generator_settings":{"template":"highway","default_image_id":0,"font":"","enabled":false},"version":2}},"categories":[5],"tags":[],"class_list":["post-4287","post","type-post","status-publish","format-standard","hentry","category-hallitus-tiedottaa"],"yoast_head":"<!-- This site is optimized with the Yoast SEO plugin v27.4 - https:\/\/yoast.com\/product\/yoast-seo-wordpress\/ -->\n<title>Vuosikokous 2023 Kiteell\u00e4 la 11.3.2023 - Suomen Paimenkoirayhdistys ry<\/title>\n<meta name=\"robots\" content=\"index, follow, max-snippet:-1, max-image-preview:large, max-video-preview:-1\" \/>\n<link rel=\"canonical\" href=\"https:\/\/www.spky.fi\/wopr\/vuosikokous-2023-kiteella-la-11-3-2023\/\" \/>\n<meta property=\"og:locale\" content=\"fi_FI\" \/>\n<meta property=\"og:type\" content=\"article\" \/>\n<meta property=\"og:title\" content=\"Vuosikokous 2023 Kiteell\u00e4 la 11.3.2023 - Suomen Paimenkoirayhdistys ry\" \/>\n<meta property=\"og:description\" content=\"Muista ilmoittautua vuosikokoukseen! Tervetuloa!\" \/>\n<meta property=\"og:url\" content=\"https:\/\/www.spky.fi\/wopr\/vuosikokous-2023-kiteella-la-11-3-2023\/\" \/>\n<meta property=\"og:site_name\" content=\"Suomen Paimenkoirayhdistys ry\" \/>\n<meta property=\"article:publisher\" content=\"https:\/\/www.facebook.com\/SuomenPaimenkoirayhdistys\" \/>\n<meta property=\"article:published_time\" content=\"2023-01-24T20:00:56+00:00\" \/>\n<meta property=\"og:image\" content=\"https:\/\/www.spky.fi\/wopr\/wp-content\/uploads\/2023\/01\/Vuosikokous-2023-724x1024.jpg\" \/>\n<meta name=\"author\" content=\"Maarit Ky\u00f6stil\u00e4\" \/>\n<meta name=\"twitter:card\" content=\"summary_large_image\" \/>\n<meta name=\"twitter:label1\" content=\"Kirjoittanut\" \/>\n\t<meta name=\"twitter:data1\" content=\"Maarit Ky\u00f6stil\u00e4\" \/>\n<script type=\"application\/ld+json\" class=\"yoast-schema-graph\">{\"@context\":\"https:\\\/\\\/schema.org\",\"@graph\":[{\"@type\":\"Article\",\"@id\":\"https:\\\/\\\/www.spky.fi\\\/wopr\\\/vuosikokous-2023-kiteella-la-11-3-2023\\\/#article\",\"isPartOf\":{\"@id\":\"https:\\\/\\\/www.spky.fi\\\/wopr\\\/vuosikokous-2023-kiteella-la-11-3-2023\\\/\"},\"author\":{\"name\":\"Maarit Ky\u00f6stil\u00e4\",\"@id\":\"https:\\\/\\\/www.spky.fi\\\/wopr\\\/#\\\/schema\\\/person\\\/d0b626688c21187b8422cadfb94df844\"},\"headline\":\"Vuosikokous 2023 Kiteell\u00e4 la 11.3.2023\",\"datePublished\":\"2023-01-24T20:00:56+00:00\",\"mainEntityOfPage\":{\"@id\":\"https:\\\/\\\/www.spky.fi\\\/wopr\\\/vuosikokous-2023-kiteella-la-11-3-2023\\\/\"},\"wordCount\":7,\"publisher\":{\"@id\":\"https:\\\/\\\/www.spky.fi\\\/wopr\\\/#organization\"},\"image\":{\"@id\":\"https:\\\/\\\/www.spky.fi\\\/wopr\\\/vuosikokous-2023-kiteella-la-11-3-2023\\\/#primaryimage\"},\"thumbnailUrl\":\"https:\\\/\\\/www.spky.fi\\\/wopr\\\/wp-content\\\/uploads\\\/2023\\\/01\\\/Vuosikokous-2023-724x1024.jpg\",\"articleSection\":[\"Hallitus tiedottaa\"],\"inLanguage\":\"fi\"},{\"@type\":\"WebPage\",\"@id\":\"https:\\\/\\\/www.spky.fi\\\/wopr\\\/vuosikokous-2023-kiteella-la-11-3-2023\\\/\",\"url\":\"https:\\\/\\\/www.spky.fi\\\/wopr\\\/vuosikokous-2023-kiteella-la-11-3-2023\\\/\",\"name\":\"Vuosikokous 2023 Kiteell\u00e4 la 11.3.2023 - Suomen Paimenkoirayhdistys ry\",\"isPartOf\":{\"@id\":\"https:\\\/\\\/www.spky.fi\\\/wopr\\\/#website\"},\"primaryImageOfPage\":{\"@id\":\"https:\\\/\\\/www.spky.fi\\\/wopr\\\/vuosikokous-2023-kiteella-la-11-3-2023\\\/#primaryimage\"},\"image\":{\"@id\":\"https:\\\/\\\/www.spky.fi\\\/wopr\\\/vuosikokous-2023-kiteella-la-11-3-2023\\\/#primaryimage\"},\"thumbnailUrl\":\"https:\\\/\\\/www.spky.fi\\\/wopr\\\/wp-content\\\/uploads\\\/2023\\\/01\\\/Vuosikokous-2023-724x1024.jpg\",\"datePublished\":\"2023-01-24T20:00:56+00:00\",\"breadcrumb\":{\"@id\":\"https:\\\/\\\/www.spky.fi\\\/wopr\\\/vuosikokous-2023-kiteella-la-11-3-2023\\\/#breadcrumb\"},\"inLanguage\":\"fi\",\"potentialAction\":[{\"@type\":\"ReadAction\",\"target\":[\"https:\\\/\\\/www.spky.fi\\\/wopr\\\/vuosikokous-2023-kiteella-la-11-3-2023\\\/\"]}]},{\"@type\":\"ImageObject\",\"inLanguage\":\"fi\",\"@id\":\"https:\\\/\\\/www.spky.fi\\\/wopr\\\/vuosikokous-2023-kiteella-la-11-3-2023\\\/#primaryimage\",\"url\":\"https:\\\/\\\/www.spky.fi\\\/wopr\\\/wp-content\\\/uploads\\\/2023\\\/01\\\/Vuosikokous-2023-scaled.jpg\",\"contentUrl\":\"https:\\\/\\\/www.spky.fi\\\/wopr\\\/wp-content\\\/uploads\\\/2023\\\/01\\\/Vuosikokous-2023-scaled.jpg\",\"width\":1810,\"height\":2560},{\"@type\":\"BreadcrumbList\",\"@id\":\"https:\\\/\\\/www.spky.fi\\\/wopr\\\/vuosikokous-2023-kiteella-la-11-3-2023\\\/#breadcrumb\",\"itemListElement\":[{\"@type\":\"ListItem\",\"position\":1,\"name\":\"Etusivu\",\"item\":\"https:\\\/\\\/www.spky.fi\\\/wopr\\\/\"},{\"@type\":\"ListItem\",\"position\":2,\"name\":\"Vuosikokous 2023 Kiteell\u00e4 la 11.3.2023\"}]},{\"@type\":\"WebSite\",\"@id\":\"https:\\\/\\\/www.spky.fi\\\/wopr\\\/#website\",\"url\":\"https:\\\/\\\/www.spky.fi\\\/wopr\\\/\",\"name\":\"Suomen Paimenkoirayhdistys ry\",\"description\":\"Suomen Paimenkoirayhdistys edist&auml;&auml; paimenkoirien ty&ouml;k&auml;ytt&ouml;&auml;. Yhdistys auttaa paimenkoirakurssien, harjoitusten, kilpailujen ja n&auml;yt&ouml;sten j&auml;rjest&auml;misess&auml;.\",\"publisher\":{\"@id\":\"https:\\\/\\\/www.spky.fi\\\/wopr\\\/#organization\"},\"potentialAction\":[{\"@type\":\"SearchAction\",\"target\":{\"@type\":\"EntryPoint\",\"urlTemplate\":\"https:\\\/\\\/www.spky.fi\\\/wopr\\\/?s={search_term_string}\"},\"query-input\":{\"@type\":\"PropertyValueSpecification\",\"valueRequired\":true,\"valueName\":\"search_term_string\"}}],\"inLanguage\":\"fi\"},{\"@type\":\"Organization\",\"@id\":\"https:\\\/\\\/www.spky.fi\\\/wopr\\\/#organization\",\"name\":\"Suomen Paimenkoirayhdistys ry\",\"url\":\"https:\\\/\\\/www.spky.fi\\\/wopr\\\/\",\"logo\":{\"@type\":\"ImageObject\",\"inLanguage\":\"fi\",\"@id\":\"https:\\\/\\\/www.spky.fi\\\/wopr\\\/#\\\/schema\\\/logo\\\/image\\\/\",\"url\":\"https:\\\/\\\/www.spky.fi\\\/wopr\\\/wp-content\\\/uploads\\\/2024\\\/06\\\/SPKY_MUVA_PNG.png\",\"contentUrl\":\"https:\\\/\\\/www.spky.fi\\\/wopr\\\/wp-content\\\/uploads\\\/2024\\\/06\\\/SPKY_MUVA_PNG.png\",\"width\":3201,\"height\":3126,\"caption\":\"Suomen Paimenkoirayhdistys ry\"},\"image\":{\"@id\":\"https:\\\/\\\/www.spky.fi\\\/wopr\\\/#\\\/schema\\\/logo\\\/image\\\/\"},\"sameAs\":[\"https:\\\/\\\/www.facebook.com\\\/SuomenPaimenkoirayhdistys\"]},{\"@type\":\"Person\",\"@id\":\"https:\\\/\\\/www.spky.fi\\\/wopr\\\/#\\\/schema\\\/person\\\/d0b626688c21187b8422cadfb94df844\",\"name\":\"Maarit Ky\u00f6stil\u00e4\",\"image\":{\"@type\":\"ImageObject\",\"inLanguage\":\"fi\",\"@id\":\"https:\\\/\\\/secure.gravatar.com\\\/avatar\\\/abc091421fe05d2282e88d28368bc4c4dbf4dbaee74d9958fd1f71a73d26eb98?s=96&d=mm&r=g\",\"url\":\"https:\\\/\\\/secure.gravatar.com\\\/avatar\\\/abc091421fe05d2282e88d28368bc4c4dbf4dbaee74d9958fd1f71a73d26eb98?s=96&d=mm&r=g\",\"contentUrl\":\"https:\\\/\\\/secure.gravatar.com\\\/avatar\\\/abc091421fe05d2282e88d28368bc4c4dbf4dbaee74d9958fd1f71a73d26eb98?s=96&d=mm&r=g\",\"caption\":\"Maarit Ky\u00f6stil\u00e4\"},\"url\":\"https:\\\/\\\/www.spky.fi\\\/wopr\\\/author\\\/mk\\\/\"}]}<\/script>\n<!-- \/ Yoast SEO plugin. -->","yoast_head_json":{"title":"Vuosikokous 2023 Kiteell\u00e4 la 11.3.2023 - Suomen Paimenkoirayhdistys ry","robots":{"index":"index","follow":"follow","max-snippet":"max-snippet:-1","max-image-preview":"max-image-preview:large","max-video-preview":"max-video-preview:-1"},"canonical":"https:\/\/www.spky.fi\/wopr\/vuosikokous-2023-kiteella-la-11-3-2023\/","og_locale":"fi_FI","og_type":"article","og_title":"Vuosikokous 2023 Kiteell\u00e4 la 11.3.2023 - Suomen Paimenkoirayhdistys ry","og_description":"Muista ilmoittautua vuosikokoukseen! Tervetuloa!","og_url":"https:\/\/www.spky.fi\/wopr\/vuosikokous-2023-kiteella-la-11-3-2023\/","og_site_name":"Suomen Paimenkoirayhdistys ry","article_publisher":"https:\/\/www.facebook.com\/SuomenPaimenkoirayhdistys","article_published_time":"2023-01-24T20:00:56+00:00","og_image":[{"url":"https:\/\/www.spky.fi\/wopr\/wp-content\/uploads\/2023\/01\/Vuosikokous-2023-724x1024.jpg","type":"","width":"","height":""}],"author":"Maarit Ky\u00f6stil\u00e4","twitter_card":"summary_large_image","twitter_misc":{"Kirjoittanut":"Maarit Ky\u00f6stil\u00e4"},"schema":{"@context":"https:\/\/schema.org","@graph":[{"@type":"Article","@id":"https:\/\/www.spky.fi\/wopr\/vuosikokous-2023-kiteella-la-11-3-2023\/#article","isPartOf":{"@id":"https:\/\/www.spky.fi\/wopr\/vuosikokous-2023-kiteella-la-11-3-2023\/"},"author":{"name":"Maarit Ky\u00f6stil\u00e4","@id":"https:\/\/www.spky.fi\/wopr\/#\/schema\/person\/d0b626688c21187b8422cadfb94df844"},"headline":"Vuosikokous 2023 Kiteell\u00e4 la 11.3.2023","datePublished":"2023-01-24T20:00:56+00:00","mainEntityOfPage":{"@id":"https:\/\/www.spky.fi\/wopr\/vuosikokous-2023-kiteella-la-11-3-2023\/"},"wordCount":7,"publisher":{"@id":"https:\/\/www.spky.fi\/wopr\/#organization"},"image":{"@id":"https:\/\/www.spky.fi\/wopr\/vuosikokous-2023-kiteella-la-11-3-2023\/#primaryimage"},"thumbnailUrl":"https:\/\/www.spky.fi\/wopr\/wp-content\/uploads\/2023\/01\/Vuosikokous-2023-724x1024.jpg","articleSection":["Hallitus tiedottaa"],"inLanguage":"fi"},{"@type":"WebPage","@id":"https:\/\/www.spky.fi\/wopr\/vuosikokous-2023-kiteella-la-11-3-2023\/","url":"https:\/\/www.spky.fi\/wopr\/vuosikokous-2023-kiteella-la-11-3-2023\/","name":"Vuosikokous 2023 Kiteell\u00e4 la 11.3.2023 - Suomen Paimenkoirayhdistys ry","isPartOf":{"@id":"https:\/\/www.spky.fi\/wopr\/#website"},"primaryImageOfPage":{"@id":"https:\/\/www.spky.fi\/wopr\/vuosikokous-2023-kiteella-la-11-3-2023\/#primaryimage"},"image":{"@id":"https:\/\/www.spky.fi\/wopr\/vuosikokous-2023-kiteella-la-11-3-2023\/#primaryimage"},"thumbnailUrl":"https:\/\/www.spky.fi\/wopr\/wp-content\/uploads\/2023\/01\/Vuosikokous-2023-724x1024.jpg","datePublished":"2023-01-24T20:00:56+00:00","breadcrumb":{"@id":"https:\/\/www.spky.fi\/wopr\/vuosikokous-2023-kiteella-la-11-3-2023\/#breadcrumb"},"inLanguage":"fi","potentialAction":[{"@type":"ReadAction","target":["https:\/\/www.spky.fi\/wopr\/vuosikokous-2023-kiteella-la-11-3-2023\/"]}]},{"@type":"ImageObject","inLanguage":"fi","@id":"https:\/\/www.spky.fi\/wopr\/vuosikokous-2023-kiteella-la-11-3-2023\/#primaryimage","url":"https:\/\/www.spky.fi\/wopr\/wp-content\/uploads\/2023\/01\/Vuosikokous-2023-scaled.jpg","contentUrl":"https:\/\/www.spky.fi\/wopr\/wp-content\/uploads\/2023\/01\/Vuosikokous-2023-scaled.jpg","width":1810,"height":2560},{"@type":"BreadcrumbList","@id":"https:\/\/www.spky.fi\/wopr\/vuosikokous-2023-kiteella-la-11-3-2023\/#breadcrumb","itemListElement":[{"@type":"ListItem","position":1,"name":"Etusivu","item":"https:\/\/www.spky.fi\/wopr\/"},{"@type":"ListItem","position":2,"name":"Vuosikokous 2023 Kiteell\u00e4 la 11.3.2023"}]},{"@type":"WebSite","@id":"https:\/\/www.spky.fi\/wopr\/#website","url":"https:\/\/www.spky.fi\/wopr\/","name":"Suomen Paimenkoirayhdistys ry","description":"Suomen Paimenkoirayhdistys edist&auml;&auml; paimenkoirien ty&ouml;k&auml;ytt&ouml;&auml;. Yhdistys auttaa paimenkoirakurssien, harjoitusten, kilpailujen ja n&auml;yt&ouml;sten j&auml;rjest&auml;misess&auml;.","publisher":{"@id":"https:\/\/www.spky.fi\/wopr\/#organization"},"potentialAction":[{"@type":"SearchAction","target":{"@type":"EntryPoint","urlTemplate":"https:\/\/www.spky.fi\/wopr\/?s={search_term_string}"},"query-input":{"@type":"PropertyValueSpecification","valueRequired":true,"valueName":"search_term_string"}}],"inLanguage":"fi"},{"@type":"Organization","@id":"https:\/\/www.spky.fi\/wopr\/#organization","name":"Suomen Paimenkoirayhdistys ry","url":"https:\/\/www.spky.fi\/wopr\/","logo":{"@type":"ImageObject","inLanguage":"fi","@id":"https:\/\/www.spky.fi\/wopr\/#\/schema\/logo\/image\/","url":"https:\/\/www.spky.fi\/wopr\/wp-content\/uploads\/2024\/06\/SPKY_MUVA_PNG.png","contentUrl":"https:\/\/www.spky.fi\/wopr\/wp-content\/uploads\/2024\/06\/SPKY_MUVA_PNG.png","width":3201,"height":3126,"caption":"Suomen Paimenkoirayhdistys ry"},"image":{"@id":"https:\/\/www.spky.fi\/wopr\/#\/schema\/logo\/image\/"},"sameAs":["https:\/\/www.facebook.com\/SuomenPaimenkoirayhdistys"]},{"@type":"Person","@id":"https:\/\/www.spky.fi\/wopr\/#\/schema\/person\/d0b626688c21187b8422cadfb94df844","name":"Maarit Ky\u00f6stil\u00e4","image":{"@type":"ImageObject","inLanguage":"fi","@id":"https:\/\/secure.gravatar.com\/avatar\/abc091421fe05d2282e88d28368bc4c4dbf4dbaee74d9958fd1f71a73d26eb98?s=96&d=mm&r=g","url":"https:\/\/secure.gravatar.com\/avatar\/abc091421fe05d2282e88d28368bc4c4dbf4dbaee74d9958fd1f71a73d26eb98?s=96&d=mm&r=g","contentUrl":"https:\/\/secure.gravatar.com\/avatar\/abc091421fe05d2282e88d28368bc4c4dbf4dbaee74d9958fd1f71a73d26eb98?s=96&d=mm&r=g","caption":"Maarit Ky\u00f6stil\u00e4"},"url":"https:\/\/www.spky.fi\/wopr\/author\/mk\/"}]}},"jetpack_publicize_connections":[],"jetpack_featured_media_url":"","jetpack_sharing_enabled":true,"jetpack_shortlink":"https:\/\/wp.me\/paLGv4-179","_links":{"self":[{"href":"https:\/\/www.spky.fi\/wopr\/wp-json\/wp\/v2\/posts\/4287","targetHints":{"allow":["GET"]}}],"collection":[{"href":"https:\/\/www.spky.fi\/wopr\/wp-json\/wp\/v2\/posts"}],"about":[{"href":"https:\/\/www.spky.fi\/wopr\/wp-json\/wp\/v2\/types\/post"}],"author":[{"embeddable":true,"href":"https:\/\/www.spky.fi\/wopr\/wp-json\/wp\/v2\/users\/2"}],"replies":[{"embeddable":true,"href":"https:\/\/www.spky.fi\/wopr\/wp-json\/wp\/v2\/comments?post=4287"}],"version-history":[{"count":4,"href":"https:\/\/www.spky.fi\/wopr\/wp-json\/wp\/v2\/posts\/4287\/revisions"}],"predecessor-version":[{"id":4292,"href":"https:\/\/www.spky.fi\/wopr\/wp-json\/wp\/v2\/posts\/4287\/revisions\/4292"}],"wp:attachment":[{"href":"https:\/\/www.spky.fi\/wopr\/wp-json\/wp\/v2\/media?parent=4287"}],"wp:term":[{"taxonomy":"category","embeddable":true,"href":"https:\/\/www.spky.fi\/wopr\/wp-json\/wp\/v2\/categories?post=4287"},{"taxonomy":"post_tag","embeddable":true,"href":"https:\/\/www.spky.fi\/wopr\/wp-json\/wp\/v2\/tags?post=4287"}],"curies":[{"name":"wp","href":"https:\/\/api.w.org\/{rel}","templated":true}]}}