{"id":8373,"date":"2026-01-23T19:54:20","date_gmt":"2026-01-23T19:54:20","guid":{"rendered":"https:\/\/www.spky.fi\/wopr\/?p=8373"},"modified":"2026-03-03T19:47:20","modified_gmt":"2026-03-03T19:47:20","slug":"hallitus-tiedottaa-5","status":"publish","type":"post","link":"https:\/\/www.spky.fi\/wopr\/hallitus-tiedottaa-5\/","title":{"rendered":"Hallitus tiedottaa"},"content":{"rendered":"<h2>Vuosikokous j\u00e4rjestet\u00e4\u00e4n et\u00e4kokouksena 7.3.2026 klo 12<\/h2>\n<h2><a href=\"https:\/\/www.spky.fi\/wopr\/wp-content\/uploads\/2025\/03\/SPKY_MUVA_512kuvake.jpg\"><img loading=\"lazy\" decoding=\"async\" class=\"wp-image-7417 alignleft\" src=\"https:\/\/www.spky.fi\/wopr\/wp-content\/uploads\/2025\/03\/SPKY_MUVA_512kuvake.jpg\" alt=\"\" width=\"133\" height=\"129\" srcset=\"https:\/\/www.spky.fi\/wopr\/wp-content\/uploads\/2025\/03\/SPKY_MUVA_512kuvake.jpg 512w, https:\/\/www.spky.fi\/wopr\/wp-content\/uploads\/2025\/03\/SPKY_MUVA_512kuvake-300x293.jpg 300w\" sizes=\"auto, (max-width: 133px) 100vw, 133px\" \/><\/a><\/h2>\n<p>Kokouskutsu sek\u00e4 j\u00e4senlasku on l\u00e4hetetty helmikuun puoli v\u00e4liss\u00e4. Oletko muistanut l\u00e4hett\u00e4\u00e4 s\u00e4hk\u00f6postiosoitteesi<span style=\"color: #000000;\"> j\u00e4sensihteerille? Laita se<\/span>\u00a0s\u00e4hk\u00f6postiviestill\u00e4 (jasensihteeri@spky.fi).\u00a0<\/p>\n<p><a href=\"https:\/\/forms.gle\/zJfSAAz4Ujdnz9EL8\" target=\"_blank\" rel=\"noopener\"><strong>Ilmoittaudu vuosikokoukseen<\/strong> viimeist\u00e4\u00e4n<strong> 2.3.2026<\/strong> t\u00e4m\u00e4n ilmoittautumislomakkeen kautta!<\/a>\u00a0<\/p>\n<p><a href=\"https:\/\/www.spky.fi\/wopr\/vuosikokous\/\" target=\"_blank\" rel=\"noopener\"><strong>VUOSIKOKOUKSEN MATERIAALIT L\u00d6YTYV\u00c4T T\u00c4\u00c4LT\u00c4<\/strong><\/a><\/p>\n<h2>Hallituksen p\u00f6yt\u00e4kirjat<\/h2>\n<p>Hallituksen viimeisimm\u00e4t p\u00f6yt\u00e4kirjat ovat taas <strong><a href=\"https:\/\/www.spky.fi\/wopr\/hallituksen-kokoukset\/\" target=\"_blank\" rel=\"noopener\">l\u00f6ydett\u00e4viss\u00e4 t\u00e4\u00e4lt\u00e4.<\/a><\/strong><\/p>\n","protected":false},"excerpt":{"rendered":"<p>Vuosikokous j\u00e4rjestet\u00e4\u00e4n et\u00e4kokouksena 7.3.2026 klo 12 Kokouskutsu sek\u00e4 j\u00e4senlasku on l\u00e4hetetty helmikuun puoli v\u00e4liss\u00e4. Oletko muistanut l\u00e4hett\u00e4\u00e4 s\u00e4hk\u00f6postiosoitteesi j\u00e4sensihteerille? Laita se\u00a0s\u00e4hk\u00f6postiviestill\u00e4 (jasensihteeri@spky.fi).\u00a0 Ilmoittaudu vuosikokoukseen viimeist\u00e4\u00e4n 2.3.2026 t\u00e4m\u00e4n ilmoittautumislomakkeen kautta!\u00a0 VUOSIKOKOUKSEN MATERIAALIT L\u00d6YTYV\u00c4T T\u00c4\u00c4LT\u00c4 Hallituksen p\u00f6yt\u00e4kirjat Hallituksen viimeisimm\u00e4t p\u00f6yt\u00e4kirjat ovat taas l\u00f6ydett\u00e4viss\u00e4 t\u00e4\u00e4lt\u00e4.<\/p>\n","protected":false},"author":2,"featured_media":0,"comment_status":"closed","ping_status":"closed","sticky":false,"template":"","format":"standard","meta":{"jetpack_post_was_ever_published":false,"_jetpack_newsletter_access":"","_jetpack_dont_email_post_to_subs":false,"_jetpack_newsletter_tier_id":0,"_jetpack_memberships_contains_paywalled_content":false,"_jetpack_memberships_contains_paid_content":false,"footnotes":"","jetpack_publicize_message":"","jetpack_publicize_feature_enabled":true,"jetpack_social_post_already_shared":true,"jetpack_social_options":{"image_generator_settings":{"template":"highway","default_image_id":0,"font":"","enabled":false},"version":2}},"categories":[5],"tags":[],"class_list":["post-8373","post","type-post","status-publish","format-standard","hentry","category-hallitus-tiedottaa"],"yoast_head":"<!-- This site is optimized with the Yoast SEO plugin v27.4 - https:\/\/yoast.com\/product\/yoast-seo-wordpress\/ -->\n<title>Hallitus tiedottaa - Suomen Paimenkoirayhdistys ry<\/title>\n<meta name=\"description\" content=\"Hallitus tiedottaa toimikuntien j\u00e4rjest\u00e4ytymisest\u00e4 ja vuosikokouksesta.\" \/>\n<meta name=\"robots\" content=\"index, follow, max-snippet:-1, max-image-preview:large, max-video-preview:-1\" \/>\n<link rel=\"canonical\" href=\"https:\/\/www.spky.fi\/wopr\/hallitus-tiedottaa-5\/\" \/>\n<meta property=\"og:locale\" content=\"fi_FI\" \/>\n<meta property=\"og:type\" content=\"article\" \/>\n<meta property=\"og:title\" content=\"Hallitus tiedottaa - Suomen Paimenkoirayhdistys ry\" \/>\n<meta property=\"og:description\" content=\"Hallitus tiedottaa toimikuntien j\u00e4rjest\u00e4ytymisest\u00e4 ja vuosikokouksesta.\" \/>\n<meta property=\"og:url\" content=\"https:\/\/www.spky.fi\/wopr\/hallitus-tiedottaa-5\/\" \/>\n<meta property=\"og:site_name\" content=\"Suomen Paimenkoirayhdistys ry\" \/>\n<meta property=\"article:publisher\" content=\"https:\/\/www.facebook.com\/SuomenPaimenkoirayhdistys\" \/>\n<meta property=\"article:published_time\" content=\"2026-01-23T19:54:20+00:00\" \/>\n<meta property=\"article:modified_time\" content=\"2026-03-03T19:47:20+00:00\" \/>\n<meta property=\"og:image\" content=\"https:\/\/www.spky.fi\/wopr\/wp-content\/uploads\/2025\/03\/SPKY_MUVA_512kuvake.jpg\" \/>\n\t<meta property=\"og:image:width\" content=\"512\" \/>\n\t<meta property=\"og:image:height\" content=\"500\" \/>\n\t<meta property=\"og:image:type\" content=\"image\/jpeg\" \/>\n<meta name=\"author\" content=\"Maarit Ky\u00f6stil\u00e4\" \/>\n<meta name=\"twitter:card\" content=\"summary_large_image\" \/>\n<meta name=\"twitter:label1\" content=\"Kirjoittanut\" \/>\n\t<meta name=\"twitter:data1\" content=\"Maarit Ky\u00f6stil\u00e4\" \/>\n\t<meta name=\"twitter:label2\" content=\"Arvioitu lukuaika\" \/>\n\t<meta name=\"twitter:data2\" content=\"1 minuutti\" \/>\n<script type=\"application\/ld+json\" class=\"yoast-schema-graph\">{\"@context\":\"https:\\\/\\\/schema.org\",\"@graph\":[{\"@type\":\"Article\",\"@id\":\"https:\\\/\\\/www.spky.fi\\\/wopr\\\/hallitus-tiedottaa-5\\\/#article\",\"isPartOf\":{\"@id\":\"https:\\\/\\\/www.spky.fi\\\/wopr\\\/hallitus-tiedottaa-5\\\/\"},\"author\":{\"name\":\"Maarit Ky\u00f6stil\u00e4\",\"@id\":\"https:\\\/\\\/www.spky.fi\\\/wopr\\\/#\\\/schema\\\/person\\\/d0b626688c21187b8422cadfb94df844\"},\"headline\":\"Hallitus tiedottaa\",\"datePublished\":\"2026-01-23T19:54:20+00:00\",\"dateModified\":\"2026-03-03T19:47:20+00:00\",\"mainEntityOfPage\":{\"@id\":\"https:\\\/\\\/www.spky.fi\\\/wopr\\\/hallitus-tiedottaa-5\\\/\"},\"wordCount\":70,\"publisher\":{\"@id\":\"https:\\\/\\\/www.spky.fi\\\/wopr\\\/#organization\"},\"image\":{\"@id\":\"https:\\\/\\\/www.spky.fi\\\/wopr\\\/hallitus-tiedottaa-5\\\/#primaryimage\"},\"thumbnailUrl\":\"https:\\\/\\\/www.spky.fi\\\/wopr\\\/wp-content\\\/uploads\\\/2025\\\/03\\\/SPKY_MUVA_512kuvake.jpg\",\"articleSection\":[\"Hallitus tiedottaa\"],\"inLanguage\":\"fi\"},{\"@type\":\"WebPage\",\"@id\":\"https:\\\/\\\/www.spky.fi\\\/wopr\\\/hallitus-tiedottaa-5\\\/\",\"url\":\"https:\\\/\\\/www.spky.fi\\\/wopr\\\/hallitus-tiedottaa-5\\\/\",\"name\":\"Hallitus tiedottaa - Suomen Paimenkoirayhdistys ry\",\"isPartOf\":{\"@id\":\"https:\\\/\\\/www.spky.fi\\\/wopr\\\/#website\"},\"primaryImageOfPage\":{\"@id\":\"https:\\\/\\\/www.spky.fi\\\/wopr\\\/hallitus-tiedottaa-5\\\/#primaryimage\"},\"image\":{\"@id\":\"https:\\\/\\\/www.spky.fi\\\/wopr\\\/hallitus-tiedottaa-5\\\/#primaryimage\"},\"thumbnailUrl\":\"https:\\\/\\\/www.spky.fi\\\/wopr\\\/wp-content\\\/uploads\\\/2025\\\/03\\\/SPKY_MUVA_512kuvake.jpg\",\"datePublished\":\"2026-01-23T19:54:20+00:00\",\"dateModified\":\"2026-03-03T19:47:20+00:00\",\"description\":\"Hallitus tiedottaa toimikuntien j\u00e4rjest\u00e4ytymisest\u00e4 ja vuosikokouksesta.\",\"breadcrumb\":{\"@id\":\"https:\\\/\\\/www.spky.fi\\\/wopr\\\/hallitus-tiedottaa-5\\\/#breadcrumb\"},\"inLanguage\":\"fi\",\"potentialAction\":[{\"@type\":\"ReadAction\",\"target\":[\"https:\\\/\\\/www.spky.fi\\\/wopr\\\/hallitus-tiedottaa-5\\\/\"]}]},{\"@type\":\"ImageObject\",\"inLanguage\":\"fi\",\"@id\":\"https:\\\/\\\/www.spky.fi\\\/wopr\\\/hallitus-tiedottaa-5\\\/#primaryimage\",\"url\":\"https:\\\/\\\/www.spky.fi\\\/wopr\\\/wp-content\\\/uploads\\\/2025\\\/03\\\/SPKY_MUVA_512kuvake.jpg\",\"contentUrl\":\"https:\\\/\\\/www.spky.fi\\\/wopr\\\/wp-content\\\/uploads\\\/2025\\\/03\\\/SPKY_MUVA_512kuvake.jpg\"},{\"@type\":\"BreadcrumbList\",\"@id\":\"https:\\\/\\\/www.spky.fi\\\/wopr\\\/hallitus-tiedottaa-5\\\/#breadcrumb\",\"itemListElement\":[{\"@type\":\"ListItem\",\"position\":1,\"name\":\"Etusivu\",\"item\":\"https:\\\/\\\/www.spky.fi\\\/wopr\\\/\"},{\"@type\":\"ListItem\",\"position\":2,\"name\":\"Hallitus tiedottaa\"}]},{\"@type\":\"WebSite\",\"@id\":\"https:\\\/\\\/www.spky.fi\\\/wopr\\\/#website\",\"url\":\"https:\\\/\\\/www.spky.fi\\\/wopr\\\/\",\"name\":\"Suomen Paimenkoirayhdistys ry\",\"description\":\"Suomen Paimenkoirayhdistys edist&auml;&auml; paimenkoirien ty&ouml;k&auml;ytt&ouml;&auml;. Yhdistys auttaa paimenkoirakurssien, harjoitusten, kilpailujen ja n&auml;yt&ouml;sten j&auml;rjest&auml;misess&auml;.\",\"publisher\":{\"@id\":\"https:\\\/\\\/www.spky.fi\\\/wopr\\\/#organization\"},\"potentialAction\":[{\"@type\":\"SearchAction\",\"target\":{\"@type\":\"EntryPoint\",\"urlTemplate\":\"https:\\\/\\\/www.spky.fi\\\/wopr\\\/?s={search_term_string}\"},\"query-input\":{\"@type\":\"PropertyValueSpecification\",\"valueRequired\":true,\"valueName\":\"search_term_string\"}}],\"inLanguage\":\"fi\"},{\"@type\":\"Organization\",\"@id\":\"https:\\\/\\\/www.spky.fi\\\/wopr\\\/#organization\",\"name\":\"Suomen Paimenkoirayhdistys ry\",\"url\":\"https:\\\/\\\/www.spky.fi\\\/wopr\\\/\",\"logo\":{\"@type\":\"ImageObject\",\"inLanguage\":\"fi\",\"@id\":\"https:\\\/\\\/www.spky.fi\\\/wopr\\\/#\\\/schema\\\/logo\\\/image\\\/\",\"url\":\"https:\\\/\\\/www.spky.fi\\\/wopr\\\/wp-content\\\/uploads\\\/2024\\\/06\\\/SPKY_MUVA_PNG.png\",\"contentUrl\":\"https:\\\/\\\/www.spky.fi\\\/wopr\\\/wp-content\\\/uploads\\\/2024\\\/06\\\/SPKY_MUVA_PNG.png\",\"width\":3201,\"height\":3126,\"caption\":\"Suomen Paimenkoirayhdistys ry\"},\"image\":{\"@id\":\"https:\\\/\\\/www.spky.fi\\\/wopr\\\/#\\\/schema\\\/logo\\\/image\\\/\"},\"sameAs\":[\"https:\\\/\\\/www.facebook.com\\\/SuomenPaimenkoirayhdistys\"]},{\"@type\":\"Person\",\"@id\":\"https:\\\/\\\/www.spky.fi\\\/wopr\\\/#\\\/schema\\\/person\\\/d0b626688c21187b8422cadfb94df844\",\"name\":\"Maarit Ky\u00f6stil\u00e4\",\"image\":{\"@type\":\"ImageObject\",\"inLanguage\":\"fi\",\"@id\":\"https:\\\/\\\/secure.gravatar.com\\\/avatar\\\/abc091421fe05d2282e88d28368bc4c4dbf4dbaee74d9958fd1f71a73d26eb98?s=96&d=mm&r=g\",\"url\":\"https:\\\/\\\/secure.gravatar.com\\\/avatar\\\/abc091421fe05d2282e88d28368bc4c4dbf4dbaee74d9958fd1f71a73d26eb98?s=96&d=mm&r=g\",\"contentUrl\":\"https:\\\/\\\/secure.gravatar.com\\\/avatar\\\/abc091421fe05d2282e88d28368bc4c4dbf4dbaee74d9958fd1f71a73d26eb98?s=96&d=mm&r=g\",\"caption\":\"Maarit Ky\u00f6stil\u00e4\"},\"url\":\"https:\\\/\\\/www.spky.fi\\\/wopr\\\/author\\\/mk\\\/\"}]}<\/script>\n<!-- \/ Yoast SEO plugin. -->","yoast_head_json":{"title":"Hallitus tiedottaa - Suomen Paimenkoirayhdistys ry","description":"Hallitus tiedottaa toimikuntien j\u00e4rjest\u00e4ytymisest\u00e4 ja vuosikokouksesta.","robots":{"index":"index","follow":"follow","max-snippet":"max-snippet:-1","max-image-preview":"max-image-preview:large","max-video-preview":"max-video-preview:-1"},"canonical":"https:\/\/www.spky.fi\/wopr\/hallitus-tiedottaa-5\/","og_locale":"fi_FI","og_type":"article","og_title":"Hallitus tiedottaa - Suomen Paimenkoirayhdistys ry","og_description":"Hallitus tiedottaa toimikuntien j\u00e4rjest\u00e4ytymisest\u00e4 ja vuosikokouksesta.","og_url":"https:\/\/www.spky.fi\/wopr\/hallitus-tiedottaa-5\/","og_site_name":"Suomen Paimenkoirayhdistys ry","article_publisher":"https:\/\/www.facebook.com\/SuomenPaimenkoirayhdistys","article_published_time":"2026-01-23T19:54:20+00:00","article_modified_time":"2026-03-03T19:47:20+00:00","og_image":[{"width":512,"height":500,"url":"https:\/\/www.spky.fi\/wopr\/wp-content\/uploads\/2025\/03\/SPKY_MUVA_512kuvake.jpg","type":"image\/jpeg"}],"author":"Maarit Ky\u00f6stil\u00e4","twitter_card":"summary_large_image","twitter_misc":{"Kirjoittanut":"Maarit Ky\u00f6stil\u00e4","Arvioitu lukuaika":"1 minuutti"},"schema":{"@context":"https:\/\/schema.org","@graph":[{"@type":"Article","@id":"https:\/\/www.spky.fi\/wopr\/hallitus-tiedottaa-5\/#article","isPartOf":{"@id":"https:\/\/www.spky.fi\/wopr\/hallitus-tiedottaa-5\/"},"author":{"name":"Maarit Ky\u00f6stil\u00e4","@id":"https:\/\/www.spky.fi\/wopr\/#\/schema\/person\/d0b626688c21187b8422cadfb94df844"},"headline":"Hallitus tiedottaa","datePublished":"2026-01-23T19:54:20+00:00","dateModified":"2026-03-03T19:47:20+00:00","mainEntityOfPage":{"@id":"https:\/\/www.spky.fi\/wopr\/hallitus-tiedottaa-5\/"},"wordCount":70,"publisher":{"@id":"https:\/\/www.spky.fi\/wopr\/#organization"},"image":{"@id":"https:\/\/www.spky.fi\/wopr\/hallitus-tiedottaa-5\/#primaryimage"},"thumbnailUrl":"https:\/\/www.spky.fi\/wopr\/wp-content\/uploads\/2025\/03\/SPKY_MUVA_512kuvake.jpg","articleSection":["Hallitus tiedottaa"],"inLanguage":"fi"},{"@type":"WebPage","@id":"https:\/\/www.spky.fi\/wopr\/hallitus-tiedottaa-5\/","url":"https:\/\/www.spky.fi\/wopr\/hallitus-tiedottaa-5\/","name":"Hallitus tiedottaa - Suomen Paimenkoirayhdistys ry","isPartOf":{"@id":"https:\/\/www.spky.fi\/wopr\/#website"},"primaryImageOfPage":{"@id":"https:\/\/www.spky.fi\/wopr\/hallitus-tiedottaa-5\/#primaryimage"},"image":{"@id":"https:\/\/www.spky.fi\/wopr\/hallitus-tiedottaa-5\/#primaryimage"},"thumbnailUrl":"https:\/\/www.spky.fi\/wopr\/wp-content\/uploads\/2025\/03\/SPKY_MUVA_512kuvake.jpg","datePublished":"2026-01-23T19:54:20+00:00","dateModified":"2026-03-03T19:47:20+00:00","description":"Hallitus tiedottaa toimikuntien j\u00e4rjest\u00e4ytymisest\u00e4 ja vuosikokouksesta.","breadcrumb":{"@id":"https:\/\/www.spky.fi\/wopr\/hallitus-tiedottaa-5\/#breadcrumb"},"inLanguage":"fi","potentialAction":[{"@type":"ReadAction","target":["https:\/\/www.spky.fi\/wopr\/hallitus-tiedottaa-5\/"]}]},{"@type":"ImageObject","inLanguage":"fi","@id":"https:\/\/www.spky.fi\/wopr\/hallitus-tiedottaa-5\/#primaryimage","url":"https:\/\/www.spky.fi\/wopr\/wp-content\/uploads\/2025\/03\/SPKY_MUVA_512kuvake.jpg","contentUrl":"https:\/\/www.spky.fi\/wopr\/wp-content\/uploads\/2025\/03\/SPKY_MUVA_512kuvake.jpg"},{"@type":"BreadcrumbList","@id":"https:\/\/www.spky.fi\/wopr\/hallitus-tiedottaa-5\/#breadcrumb","itemListElement":[{"@type":"ListItem","position":1,"name":"Etusivu","item":"https:\/\/www.spky.fi\/wopr\/"},{"@type":"ListItem","position":2,"name":"Hallitus tiedottaa"}]},{"@type":"WebSite","@id":"https:\/\/www.spky.fi\/wopr\/#website","url":"https:\/\/www.spky.fi\/wopr\/","name":"Suomen Paimenkoirayhdistys ry","description":"Suomen Paimenkoirayhdistys edist&auml;&auml; paimenkoirien ty&ouml;k&auml;ytt&ouml;&auml;. Yhdistys auttaa paimenkoirakurssien, harjoitusten, kilpailujen ja n&auml;yt&ouml;sten j&auml;rjest&auml;misess&auml;.","publisher":{"@id":"https:\/\/www.spky.fi\/wopr\/#organization"},"potentialAction":[{"@type":"SearchAction","target":{"@type":"EntryPoint","urlTemplate":"https:\/\/www.spky.fi\/wopr\/?s={search_term_string}"},"query-input":{"@type":"PropertyValueSpecification","valueRequired":true,"valueName":"search_term_string"}}],"inLanguage":"fi"},{"@type":"Organization","@id":"https:\/\/www.spky.fi\/wopr\/#organization","name":"Suomen Paimenkoirayhdistys ry","url":"https:\/\/www.spky.fi\/wopr\/","logo":{"@type":"ImageObject","inLanguage":"fi","@id":"https:\/\/www.spky.fi\/wopr\/#\/schema\/logo\/image\/","url":"https:\/\/www.spky.fi\/wopr\/wp-content\/uploads\/2024\/06\/SPKY_MUVA_PNG.png","contentUrl":"https:\/\/www.spky.fi\/wopr\/wp-content\/uploads\/2024\/06\/SPKY_MUVA_PNG.png","width":3201,"height":3126,"caption":"Suomen Paimenkoirayhdistys ry"},"image":{"@id":"https:\/\/www.spky.fi\/wopr\/#\/schema\/logo\/image\/"},"sameAs":["https:\/\/www.facebook.com\/SuomenPaimenkoirayhdistys"]},{"@type":"Person","@id":"https:\/\/www.spky.fi\/wopr\/#\/schema\/person\/d0b626688c21187b8422cadfb94df844","name":"Maarit Ky\u00f6stil\u00e4","image":{"@type":"ImageObject","inLanguage":"fi","@id":"https:\/\/secure.gravatar.com\/avatar\/abc091421fe05d2282e88d28368bc4c4dbf4dbaee74d9958fd1f71a73d26eb98?s=96&d=mm&r=g","url":"https:\/\/secure.gravatar.com\/avatar\/abc091421fe05d2282e88d28368bc4c4dbf4dbaee74d9958fd1f71a73d26eb98?s=96&d=mm&r=g","contentUrl":"https:\/\/secure.gravatar.com\/avatar\/abc091421fe05d2282e88d28368bc4c4dbf4dbaee74d9958fd1f71a73d26eb98?s=96&d=mm&r=g","caption":"Maarit Ky\u00f6stil\u00e4"},"url":"https:\/\/www.spky.fi\/wopr\/author\/mk\/"}]}},"jetpack_publicize_connections":[],"jetpack_featured_media_url":"","jetpack_sharing_enabled":true,"jetpack_shortlink":"https:\/\/wp.me\/paLGv4-2b3","_links":{"self":[{"href":"https:\/\/www.spky.fi\/wopr\/wp-json\/wp\/v2\/posts\/8373","targetHints":{"allow":["GET"]}}],"collection":[{"href":"https:\/\/www.spky.fi\/wopr\/wp-json\/wp\/v2\/posts"}],"about":[{"href":"https:\/\/www.spky.fi\/wopr\/wp-json\/wp\/v2\/types\/post"}],"author":[{"embeddable":true,"href":"https:\/\/www.spky.fi\/wopr\/wp-json\/wp\/v2\/users\/2"}],"replies":[{"embeddable":true,"href":"https:\/\/www.spky.fi\/wopr\/wp-json\/wp\/v2\/comments?post=8373"}],"version-history":[{"count":15,"href":"https:\/\/www.spky.fi\/wopr\/wp-json\/wp\/v2\/posts\/8373\/revisions"}],"predecessor-version":[{"id":8484,"href":"https:\/\/www.spky.fi\/wopr\/wp-json\/wp\/v2\/posts\/8373\/revisions\/8484"}],"wp:attachment":[{"href":"https:\/\/www.spky.fi\/wopr\/wp-json\/wp\/v2\/media?parent=8373"}],"wp:term":[{"taxonomy":"category","embeddable":true,"href":"https:\/\/www.spky.fi\/wopr\/wp-json\/wp\/v2\/categories?post=8373"},{"taxonomy":"post_tag","embeddable":true,"href":"https:\/\/www.spky.fi\/wopr\/wp-json\/wp\/v2\/tags?post=8373"}],"curies":[{"name":"wp","href":"https:\/\/api.w.org\/{rel}","templated":true}]}}