{"id":854,"date":"2018-10-09T19:41:51","date_gmt":"2018-10-09T19:41:51","guid":{"rendered":"http:\/\/www.spky.fi\/wopr\/?p=854"},"modified":"2018-10-09T19:41:51","modified_gmt":"2018-10-09T19:41:51","slug":"ensi-kesalle-suunnitteilla-nautakisat-pm-ja-em-tasolla","status":"publish","type":"post","link":"https:\/\/www.spky.fi\/wopr\/ensi-kesalle-suunnitteilla-nautakisat-pm-ja-em-tasolla\/","title":{"rendered":"Ensi kes\u00e4lle suunnitteilla nautakisat PM- ja EM-tasolla"},"content":{"rendered":"<p>Naudoilla kisaaminen on ollut t\u00e4h\u00e4n asti harvinaista herkkua, nyt Euroopassa on aktivoiduttu asian tiimoilta. Suunnitteilla on kaksi kisaa naudoilla vuodelle 2019, Nordiska m\u00e4sterskapet Ruotsiin ja Continental Cattle Trials Ranskaan.<\/p>\n<p>Ruotsin kisan ajankohta ja paikka on viel\u00e4 avoinna. Alustavasti suunnitelma on, ett\u00e4 mukaan mahtuu 10 koirakkoa jokaisesta Pohjoismaasta (Suomi, Ruotsi, Tanska ja Norja). Kaksip\u00e4iv\u00e4iset karsinnat (20 koirakko per p\u00e4iv\u00e4) ja 10 koirakkoa tuplahakufinaaliin.<\/p>\n<p>Ranskassa kisan ajankohta olisi kes\u00e4kuun lopun ja hein\u00e4kuun lopun v\u00e4lisen\u00e4 aikana, kisapaikka Juran alueella eli l\u00e4hell\u00e4 Sveitsin rajaa. Joukkueiden koko, kisan pituus ja muut yksityiskohdat eiv\u00e4t ole viel\u00e4 selvill\u00e4.<\/p>\n<p>Kiinnostuneet voivat laittaa s\u00e4hk\u00f6postia hallitus@spky.fi. Mik\u00e4li l\u00e4htij\u00f6it\u00e4 on enemm\u00e4n kuin paikkoja, j\u00e4rjestet\u00e4\u00e4n tarvittaessa karsintakisat my\u00f6hemmin t\u00e4n\u00e4 syksyn\u00e4 tai ensi kev\u00e4\u00e4n\u00e4 Juvan Muumaassa Heikki Teittisell\u00e4 ja Heli Ahosella. <\/p>\n","protected":false},"excerpt":{"rendered":"<p>Naudoilla kisaaminen on ollut t\u00e4h\u00e4n asti harvinaista herkkua, nyt Euroopassa on aktivoiduttu asian tiimoilta. Suunnitteilla on kaksi kisaa naudoilla vuodelle 2019, Nordiska m\u00e4sterskapet Ruotsiin ja Continental Cattle Trials Ranskaan. Ruotsin kisan ajankohta ja paikka on viel\u00e4 avoinna. Alustavasti suunnitelma on, ett\u00e4 mukaan mahtuu 10 koirakkoa jokaisesta Pohjoismaasta (Suomi, Ruotsi, Tanska ja Norja). Kaksip\u00e4iv\u00e4iset karsinnat (20 &hellip; <a href=\"https:\/\/www.spky.fi\/wopr\/ensi-kesalle-suunnitteilla-nautakisat-pm-ja-em-tasolla\/\" class=\"more-link\">Jatka lukemista <span class=\"screen-reader-text\">Ensi kes\u00e4lle suunnitteilla nautakisat PM- ja EM-tasolla<\/span> <span class=\"meta-nav\">&rarr;<\/span><\/a><\/p>\n","protected":false},"author":2,"featured_media":0,"comment_status":"open","ping_status":"open","sticky":false,"template":"","format":"standard","meta":{"jetpack_post_was_ever_published":false,"_jetpack_newsletter_access":"","_jetpack_dont_email_post_to_subs":false,"_jetpack_newsletter_tier_id":0,"_jetpack_memberships_contains_paywalled_content":false,"_jetpack_memberships_contains_paid_content":false,"footnotes":"","jetpack_publicize_message":"","jetpack_publicize_feature_enabled":true,"jetpack_social_post_already_shared":false,"jetpack_social_options":{"image_generator_settings":{"template":"highway","default_image_id":0,"font":"","enabled":false},"version":2}},"categories":[1],"tags":[],"class_list":["post-854","post","type-post","status-publish","format-standard","hentry","category-uncategorized"],"yoast_head":"<!-- This site is optimized with the Yoast SEO plugin v27.5 - https:\/\/yoast.com\/product\/yoast-seo-wordpress\/ -->\n<title>Ensi kes\u00e4lle suunnitteilla nautakisat PM- ja EM-tasolla - Suomen Paimenkoirayhdistys ry<\/title>\n<meta name=\"robots\" content=\"index, follow, max-snippet:-1, max-image-preview:large, max-video-preview:-1\" \/>\n<link rel=\"canonical\" href=\"https:\/\/www.spky.fi\/wopr\/ensi-kesalle-suunnitteilla-nautakisat-pm-ja-em-tasolla\/\" \/>\n<meta property=\"og:locale\" content=\"fi_FI\" \/>\n<meta property=\"og:type\" content=\"article\" \/>\n<meta property=\"og:title\" content=\"Ensi kes\u00e4lle suunnitteilla nautakisat PM- ja EM-tasolla - Suomen Paimenkoirayhdistys ry\" \/>\n<meta property=\"og:description\" content=\"Naudoilla kisaaminen on ollut t\u00e4h\u00e4n asti harvinaista herkkua, nyt Euroopassa on aktivoiduttu asian tiimoilta. Suunnitteilla on kaksi kisaa naudoilla vuodelle 2019, Nordiska m\u00e4sterskapet Ruotsiin ja Continental Cattle Trials Ranskaan. Ruotsin kisan ajankohta ja paikka on viel\u00e4 avoinna. Alustavasti suunnitelma on, ett\u00e4 mukaan mahtuu 10 koirakkoa jokaisesta Pohjoismaasta (Suomi, Ruotsi, Tanska ja Norja). Kaksip\u00e4iv\u00e4iset karsinnat (20 &hellip; Jatka lukemista Ensi kes\u00e4lle suunnitteilla nautakisat PM- ja EM-tasolla &rarr;\" \/>\n<meta property=\"og:url\" content=\"https:\/\/www.spky.fi\/wopr\/ensi-kesalle-suunnitteilla-nautakisat-pm-ja-em-tasolla\/\" \/>\n<meta property=\"og:site_name\" content=\"Suomen Paimenkoirayhdistys ry\" \/>\n<meta property=\"article:publisher\" content=\"https:\/\/www.facebook.com\/SuomenPaimenkoirayhdistys\" \/>\n<meta property=\"article:published_time\" content=\"2018-10-09T19:41:51+00:00\" \/>\n<meta name=\"author\" content=\"Maarit Ky\u00f6stil\u00e4\" \/>\n<meta name=\"twitter:card\" content=\"summary_large_image\" \/>\n<meta name=\"twitter:label1\" content=\"Kirjoittanut\" \/>\n\t<meta name=\"twitter:data1\" content=\"Maarit Ky\u00f6stil\u00e4\" \/>\n\t<meta name=\"twitter:label2\" content=\"Arvioitu lukuaika\" \/>\n\t<meta name=\"twitter:data2\" content=\"1 minuutti\" \/>\n<script type=\"application\/ld+json\" class=\"yoast-schema-graph\">{\"@context\":\"https:\\\/\\\/schema.org\",\"@graph\":[{\"@type\":\"Article\",\"@id\":\"https:\\\/\\\/www.spky.fi\\\/wopr\\\/ensi-kesalle-suunnitteilla-nautakisat-pm-ja-em-tasolla\\\/#article\",\"isPartOf\":{\"@id\":\"https:\\\/\\\/www.spky.fi\\\/wopr\\\/ensi-kesalle-suunnitteilla-nautakisat-pm-ja-em-tasolla\\\/\"},\"author\":{\"name\":\"Maarit Ky\u00f6stil\u00e4\",\"@id\":\"https:\\\/\\\/www.spky.fi\\\/wopr\\\/#\\\/schema\\\/person\\\/d0b626688c21187b8422cadfb94df844\"},\"headline\":\"Ensi kes\u00e4lle suunnitteilla nautakisat PM- ja EM-tasolla\",\"datePublished\":\"2018-10-09T19:41:51+00:00\",\"mainEntityOfPage\":{\"@id\":\"https:\\\/\\\/www.spky.fi\\\/wopr\\\/ensi-kesalle-suunnitteilla-nautakisat-pm-ja-em-tasolla\\\/\"},\"wordCount\":146,\"commentCount\":0,\"publisher\":{\"@id\":\"https:\\\/\\\/www.spky.fi\\\/wopr\\\/#organization\"},\"articleSection\":[\"Uncategorized\"],\"inLanguage\":\"fi\",\"potentialAction\":[{\"@type\":\"CommentAction\",\"name\":\"Comment\",\"target\":[\"https:\\\/\\\/www.spky.fi\\\/wopr\\\/ensi-kesalle-suunnitteilla-nautakisat-pm-ja-em-tasolla\\\/#respond\"]}]},{\"@type\":\"WebPage\",\"@id\":\"https:\\\/\\\/www.spky.fi\\\/wopr\\\/ensi-kesalle-suunnitteilla-nautakisat-pm-ja-em-tasolla\\\/\",\"url\":\"https:\\\/\\\/www.spky.fi\\\/wopr\\\/ensi-kesalle-suunnitteilla-nautakisat-pm-ja-em-tasolla\\\/\",\"name\":\"Ensi kes\u00e4lle suunnitteilla nautakisat PM- ja EM-tasolla - Suomen Paimenkoirayhdistys ry\",\"isPartOf\":{\"@id\":\"https:\\\/\\\/www.spky.fi\\\/wopr\\\/#website\"},\"datePublished\":\"2018-10-09T19:41:51+00:00\",\"breadcrumb\":{\"@id\":\"https:\\\/\\\/www.spky.fi\\\/wopr\\\/ensi-kesalle-suunnitteilla-nautakisat-pm-ja-em-tasolla\\\/#breadcrumb\"},\"inLanguage\":\"fi\",\"potentialAction\":[{\"@type\":\"ReadAction\",\"target\":[\"https:\\\/\\\/www.spky.fi\\\/wopr\\\/ensi-kesalle-suunnitteilla-nautakisat-pm-ja-em-tasolla\\\/\"]}]},{\"@type\":\"BreadcrumbList\",\"@id\":\"https:\\\/\\\/www.spky.fi\\\/wopr\\\/ensi-kesalle-suunnitteilla-nautakisat-pm-ja-em-tasolla\\\/#breadcrumb\",\"itemListElement\":[{\"@type\":\"ListItem\",\"position\":1,\"name\":\"Etusivu\",\"item\":\"https:\\\/\\\/www.spky.fi\\\/wopr\\\/\"},{\"@type\":\"ListItem\",\"position\":2,\"name\":\"Ensi kes\u00e4lle suunnitteilla nautakisat PM- ja EM-tasolla\"}]},{\"@type\":\"WebSite\",\"@id\":\"https:\\\/\\\/www.spky.fi\\\/wopr\\\/#website\",\"url\":\"https:\\\/\\\/www.spky.fi\\\/wopr\\\/\",\"name\":\"Suomen Paimenkoirayhdistys ry\",\"description\":\"Suomen Paimenkoirayhdistys edist&auml;&auml; paimenkoirien ty&ouml;k&auml;ytt&ouml;&auml;. Yhdistys auttaa paimenkoirakurssien, harjoitusten, kilpailujen ja n&auml;yt&ouml;sten j&auml;rjest&auml;misess&auml;.\",\"publisher\":{\"@id\":\"https:\\\/\\\/www.spky.fi\\\/wopr\\\/#organization\"},\"potentialAction\":[{\"@type\":\"SearchAction\",\"target\":{\"@type\":\"EntryPoint\",\"urlTemplate\":\"https:\\\/\\\/www.spky.fi\\\/wopr\\\/?s={search_term_string}\"},\"query-input\":{\"@type\":\"PropertyValueSpecification\",\"valueRequired\":true,\"valueName\":\"search_term_string\"}}],\"inLanguage\":\"fi\"},{\"@type\":\"Organization\",\"@id\":\"https:\\\/\\\/www.spky.fi\\\/wopr\\\/#organization\",\"name\":\"Suomen Paimenkoirayhdistys ry\",\"url\":\"https:\\\/\\\/www.spky.fi\\\/wopr\\\/\",\"logo\":{\"@type\":\"ImageObject\",\"inLanguage\":\"fi\",\"@id\":\"https:\\\/\\\/www.spky.fi\\\/wopr\\\/#\\\/schema\\\/logo\\\/image\\\/\",\"url\":\"https:\\\/\\\/www.spky.fi\\\/wopr\\\/wp-content\\\/uploads\\\/2024\\\/06\\\/SPKY_MUVA_PNG.png\",\"contentUrl\":\"https:\\\/\\\/www.spky.fi\\\/wopr\\\/wp-content\\\/uploads\\\/2024\\\/06\\\/SPKY_MUVA_PNG.png\",\"width\":3201,\"height\":3126,\"caption\":\"Suomen Paimenkoirayhdistys ry\"},\"image\":{\"@id\":\"https:\\\/\\\/www.spky.fi\\\/wopr\\\/#\\\/schema\\\/logo\\\/image\\\/\"},\"sameAs\":[\"https:\\\/\\\/www.facebook.com\\\/SuomenPaimenkoirayhdistys\"]},{\"@type\":\"Person\",\"@id\":\"https:\\\/\\\/www.spky.fi\\\/wopr\\\/#\\\/schema\\\/person\\\/d0b626688c21187b8422cadfb94df844\",\"name\":\"Maarit Ky\u00f6stil\u00e4\",\"image\":{\"@type\":\"ImageObject\",\"inLanguage\":\"fi\",\"@id\":\"https:\\\/\\\/secure.gravatar.com\\\/avatar\\\/abc091421fe05d2282e88d28368bc4c4dbf4dbaee74d9958fd1f71a73d26eb98?s=96&d=mm&r=g\",\"url\":\"https:\\\/\\\/secure.gravatar.com\\\/avatar\\\/abc091421fe05d2282e88d28368bc4c4dbf4dbaee74d9958fd1f71a73d26eb98?s=96&d=mm&r=g\",\"contentUrl\":\"https:\\\/\\\/secure.gravatar.com\\\/avatar\\\/abc091421fe05d2282e88d28368bc4c4dbf4dbaee74d9958fd1f71a73d26eb98?s=96&d=mm&r=g\",\"caption\":\"Maarit Ky\u00f6stil\u00e4\"},\"url\":\"https:\\\/\\\/www.spky.fi\\\/wopr\\\/author\\\/mk\\\/\"}]}<\/script>\n<!-- \/ Yoast SEO plugin. -->","yoast_head_json":{"title":"Ensi kes\u00e4lle suunnitteilla nautakisat PM- ja EM-tasolla - Suomen Paimenkoirayhdistys ry","robots":{"index":"index","follow":"follow","max-snippet":"max-snippet:-1","max-image-preview":"max-image-preview:large","max-video-preview":"max-video-preview:-1"},"canonical":"https:\/\/www.spky.fi\/wopr\/ensi-kesalle-suunnitteilla-nautakisat-pm-ja-em-tasolla\/","og_locale":"fi_FI","og_type":"article","og_title":"Ensi kes\u00e4lle suunnitteilla nautakisat PM- ja EM-tasolla - Suomen Paimenkoirayhdistys ry","og_description":"Naudoilla kisaaminen on ollut t\u00e4h\u00e4n asti harvinaista herkkua, nyt Euroopassa on aktivoiduttu asian tiimoilta. Suunnitteilla on kaksi kisaa naudoilla vuodelle 2019, Nordiska m\u00e4sterskapet Ruotsiin ja Continental Cattle Trials Ranskaan. Ruotsin kisan ajankohta ja paikka on viel\u00e4 avoinna. Alustavasti suunnitelma on, ett\u00e4 mukaan mahtuu 10 koirakkoa jokaisesta Pohjoismaasta (Suomi, Ruotsi, Tanska ja Norja). Kaksip\u00e4iv\u00e4iset karsinnat (20 &hellip; Jatka lukemista Ensi kes\u00e4lle suunnitteilla nautakisat PM- ja EM-tasolla &rarr;","og_url":"https:\/\/www.spky.fi\/wopr\/ensi-kesalle-suunnitteilla-nautakisat-pm-ja-em-tasolla\/","og_site_name":"Suomen Paimenkoirayhdistys ry","article_publisher":"https:\/\/www.facebook.com\/SuomenPaimenkoirayhdistys","article_published_time":"2018-10-09T19:41:51+00:00","author":"Maarit Ky\u00f6stil\u00e4","twitter_card":"summary_large_image","twitter_misc":{"Kirjoittanut":"Maarit Ky\u00f6stil\u00e4","Arvioitu lukuaika":"1 minuutti"},"schema":{"@context":"https:\/\/schema.org","@graph":[{"@type":"Article","@id":"https:\/\/www.spky.fi\/wopr\/ensi-kesalle-suunnitteilla-nautakisat-pm-ja-em-tasolla\/#article","isPartOf":{"@id":"https:\/\/www.spky.fi\/wopr\/ensi-kesalle-suunnitteilla-nautakisat-pm-ja-em-tasolla\/"},"author":{"name":"Maarit Ky\u00f6stil\u00e4","@id":"https:\/\/www.spky.fi\/wopr\/#\/schema\/person\/d0b626688c21187b8422cadfb94df844"},"headline":"Ensi kes\u00e4lle suunnitteilla nautakisat PM- ja EM-tasolla","datePublished":"2018-10-09T19:41:51+00:00","mainEntityOfPage":{"@id":"https:\/\/www.spky.fi\/wopr\/ensi-kesalle-suunnitteilla-nautakisat-pm-ja-em-tasolla\/"},"wordCount":146,"commentCount":0,"publisher":{"@id":"https:\/\/www.spky.fi\/wopr\/#organization"},"articleSection":["Uncategorized"],"inLanguage":"fi","potentialAction":[{"@type":"CommentAction","name":"Comment","target":["https:\/\/www.spky.fi\/wopr\/ensi-kesalle-suunnitteilla-nautakisat-pm-ja-em-tasolla\/#respond"]}]},{"@type":"WebPage","@id":"https:\/\/www.spky.fi\/wopr\/ensi-kesalle-suunnitteilla-nautakisat-pm-ja-em-tasolla\/","url":"https:\/\/www.spky.fi\/wopr\/ensi-kesalle-suunnitteilla-nautakisat-pm-ja-em-tasolla\/","name":"Ensi kes\u00e4lle suunnitteilla nautakisat PM- ja EM-tasolla - Suomen Paimenkoirayhdistys ry","isPartOf":{"@id":"https:\/\/www.spky.fi\/wopr\/#website"},"datePublished":"2018-10-09T19:41:51+00:00","breadcrumb":{"@id":"https:\/\/www.spky.fi\/wopr\/ensi-kesalle-suunnitteilla-nautakisat-pm-ja-em-tasolla\/#breadcrumb"},"inLanguage":"fi","potentialAction":[{"@type":"ReadAction","target":["https:\/\/www.spky.fi\/wopr\/ensi-kesalle-suunnitteilla-nautakisat-pm-ja-em-tasolla\/"]}]},{"@type":"BreadcrumbList","@id":"https:\/\/www.spky.fi\/wopr\/ensi-kesalle-suunnitteilla-nautakisat-pm-ja-em-tasolla\/#breadcrumb","itemListElement":[{"@type":"ListItem","position":1,"name":"Etusivu","item":"https:\/\/www.spky.fi\/wopr\/"},{"@type":"ListItem","position":2,"name":"Ensi kes\u00e4lle suunnitteilla nautakisat PM- ja EM-tasolla"}]},{"@type":"WebSite","@id":"https:\/\/www.spky.fi\/wopr\/#website","url":"https:\/\/www.spky.fi\/wopr\/","name":"Suomen Paimenkoirayhdistys ry","description":"Suomen Paimenkoirayhdistys edist&auml;&auml; paimenkoirien ty&ouml;k&auml;ytt&ouml;&auml;. Yhdistys auttaa paimenkoirakurssien, harjoitusten, kilpailujen ja n&auml;yt&ouml;sten j&auml;rjest&auml;misess&auml;.","publisher":{"@id":"https:\/\/www.spky.fi\/wopr\/#organization"},"potentialAction":[{"@type":"SearchAction","target":{"@type":"EntryPoint","urlTemplate":"https:\/\/www.spky.fi\/wopr\/?s={search_term_string}"},"query-input":{"@type":"PropertyValueSpecification","valueRequired":true,"valueName":"search_term_string"}}],"inLanguage":"fi"},{"@type":"Organization","@id":"https:\/\/www.spky.fi\/wopr\/#organization","name":"Suomen Paimenkoirayhdistys ry","url":"https:\/\/www.spky.fi\/wopr\/","logo":{"@type":"ImageObject","inLanguage":"fi","@id":"https:\/\/www.spky.fi\/wopr\/#\/schema\/logo\/image\/","url":"https:\/\/www.spky.fi\/wopr\/wp-content\/uploads\/2024\/06\/SPKY_MUVA_PNG.png","contentUrl":"https:\/\/www.spky.fi\/wopr\/wp-content\/uploads\/2024\/06\/SPKY_MUVA_PNG.png","width":3201,"height":3126,"caption":"Suomen Paimenkoirayhdistys ry"},"image":{"@id":"https:\/\/www.spky.fi\/wopr\/#\/schema\/logo\/image\/"},"sameAs":["https:\/\/www.facebook.com\/SuomenPaimenkoirayhdistys"]},{"@type":"Person","@id":"https:\/\/www.spky.fi\/wopr\/#\/schema\/person\/d0b626688c21187b8422cadfb94df844","name":"Maarit Ky\u00f6stil\u00e4","image":{"@type":"ImageObject","inLanguage":"fi","@id":"https:\/\/secure.gravatar.com\/avatar\/abc091421fe05d2282e88d28368bc4c4dbf4dbaee74d9958fd1f71a73d26eb98?s=96&d=mm&r=g","url":"https:\/\/secure.gravatar.com\/avatar\/abc091421fe05d2282e88d28368bc4c4dbf4dbaee74d9958fd1f71a73d26eb98?s=96&d=mm&r=g","contentUrl":"https:\/\/secure.gravatar.com\/avatar\/abc091421fe05d2282e88d28368bc4c4dbf4dbaee74d9958fd1f71a73d26eb98?s=96&d=mm&r=g","caption":"Maarit Ky\u00f6stil\u00e4"},"url":"https:\/\/www.spky.fi\/wopr\/author\/mk\/"}]}},"jetpack_publicize_connections":[],"jetpack_featured_media_url":"","jetpack_sharing_enabled":true,"jetpack_shortlink":"https:\/\/wp.me\/paLGv4-dM","_links":{"self":[{"href":"https:\/\/www.spky.fi\/wopr\/wp-json\/wp\/v2\/posts\/854","targetHints":{"allow":["GET"]}}],"collection":[{"href":"https:\/\/www.spky.fi\/wopr\/wp-json\/wp\/v2\/posts"}],"about":[{"href":"https:\/\/www.spky.fi\/wopr\/wp-json\/wp\/v2\/types\/post"}],"author":[{"embeddable":true,"href":"https:\/\/www.spky.fi\/wopr\/wp-json\/wp\/v2\/users\/2"}],"replies":[{"embeddable":true,"href":"https:\/\/www.spky.fi\/wopr\/wp-json\/wp\/v2\/comments?post=854"}],"version-history":[{"count":1,"href":"https:\/\/www.spky.fi\/wopr\/wp-json\/wp\/v2\/posts\/854\/revisions"}],"predecessor-version":[{"id":855,"href":"https:\/\/www.spky.fi\/wopr\/wp-json\/wp\/v2\/posts\/854\/revisions\/855"}],"wp:attachment":[{"href":"https:\/\/www.spky.fi\/wopr\/wp-json\/wp\/v2\/media?parent=854"}],"wp:term":[{"taxonomy":"category","embeddable":true,"href":"https:\/\/www.spky.fi\/wopr\/wp-json\/wp\/v2\/categories?post=854"},{"taxonomy":"post_tag","embeddable":true,"href":"https:\/\/www.spky.fi\/wopr\/wp-json\/wp\/v2\/tags?post=854"}],"curies":[{"name":"wp","href":"https:\/\/api.w.org\/{rel}","templated":true}]}}