{"id":998,"date":"2019-01-04T19:46:04","date_gmt":"2019-01-04T19:46:04","guid":{"rendered":"http:\/\/www.spky.fi\/wopr\/?p=998"},"modified":"2019-02-07T18:25:41","modified_gmt":"2019-02-07T18:25:41","slug":"spky-vuosikokous-23-2-2019-kaarinassa","status":"publish","type":"post","link":"https:\/\/www.spky.fi\/wopr\/spky-vuosikokous-23-2-2019-kaarinassa\/","title":{"rendered":"SPKY vuosikokous 23.2.2019 Kaarinassa"},"content":{"rendered":"<p>Tervetuloa kaikki j\u00e4senet Suomen Paimenkoirayhdistyksen vuosikokoukseen lauantaina 23.2.2019 Tuorlan majataloon (Tuorlantie 1 E, 21500 Kaarina).<\/p>\n<p>Aloitamme lounaalla klo 13 ja vuosikokous alkaa klo 14. Lounas omakustanteinen 15\u20ac\/hl\u00f6. Mahdollisuus y\u00f6pymiseen majatalon soluhuoneistoissa 34 \u20ac\/y\u00f6 2hh sis. liinavaatteet ja aamupalan.<\/p>\n<p>Lis\u00e4tietoa tammikuun j\u00e4senkirjeess\u00e4.<\/p>\n<p>Ilmoittautumiset 13.2. 2019 menness\u00e4 Helena Pesoselle helemapesonen@gmail.com tai 040-7602735.<\/p>\n<p>Tervetuloa!<\/p>\n","protected":false},"excerpt":{"rendered":"<p>Tervetuloa kaikki j\u00e4senet Suomen Paimenkoirayhdistyksen vuosikokoukseen lauantaina 23.2.2019 Tuorlan majataloon (Tuorlantie 1 E, 21500 Kaarina). Aloitamme lounaalla klo 13 ja vuosikokous alkaa klo 14. Lounas omakustanteinen 15\u20ac\/hl\u00f6. Mahdollisuus y\u00f6pymiseen majatalon soluhuoneistoissa 34 \u20ac\/y\u00f6 2hh sis. liinavaatteet ja aamupalan. Lis\u00e4tietoa tammikuun j\u00e4senkirjeess\u00e4. Ilmoittautumiset 13.2. 2019 menness\u00e4 Helena Pesoselle helemapesonen@gmail.com tai 040-7602735. Tervetuloa!<\/p>\n","protected":false},"author":2,"featured_media":0,"comment_status":"open","ping_status":"open","sticky":false,"template":"","format":"standard","meta":{"jetpack_post_was_ever_published":false,"_jetpack_newsletter_access":"","_jetpack_dont_email_post_to_subs":false,"_jetpack_newsletter_tier_id":0,"_jetpack_memberships_contains_paywalled_content":false,"_jetpack_memberships_contains_paid_content":false,"footnotes":"","jetpack_publicize_message":"","jetpack_publicize_feature_enabled":true,"jetpack_social_post_already_shared":false,"jetpack_social_options":{"image_generator_settings":{"template":"highway","default_image_id":0,"font":"","enabled":false},"version":2}},"categories":[1],"tags":[],"class_list":["post-998","post","type-post","status-publish","format-standard","hentry","category-uncategorized"],"yoast_head":"<!-- This site is optimized with the Yoast SEO plugin v27.5 - https:\/\/yoast.com\/product\/yoast-seo-wordpress\/ -->\n<title>SPKY vuosikokous 23.2.2019 Kaarinassa - Suomen Paimenkoirayhdistys ry<\/title>\n<meta name=\"robots\" content=\"index, follow, max-snippet:-1, max-image-preview:large, max-video-preview:-1\" \/>\n<link rel=\"canonical\" href=\"https:\/\/www.spky.fi\/wopr\/spky-vuosikokous-23-2-2019-kaarinassa\/\" \/>\n<meta property=\"og:locale\" content=\"fi_FI\" \/>\n<meta property=\"og:type\" content=\"article\" \/>\n<meta property=\"og:title\" content=\"SPKY vuosikokous 23.2.2019 Kaarinassa - Suomen Paimenkoirayhdistys ry\" \/>\n<meta property=\"og:description\" content=\"Tervetuloa kaikki j\u00e4senet Suomen Paimenkoirayhdistyksen vuosikokoukseen lauantaina 23.2.2019 Tuorlan majataloon (Tuorlantie 1 E, 21500 Kaarina). Aloitamme lounaalla klo 13 ja vuosikokous alkaa klo 14. Lounas omakustanteinen 15\u20ac\/hl\u00f6. Mahdollisuus y\u00f6pymiseen majatalon soluhuoneistoissa 34 \u20ac\/y\u00f6 2hh sis. liinavaatteet ja aamupalan. Lis\u00e4tietoa tammikuun j\u00e4senkirjeess\u00e4. Ilmoittautumiset 13.2. 2019 menness\u00e4 Helena Pesoselle helemapesonen@gmail.com tai 040-7602735. Tervetuloa!\" \/>\n<meta property=\"og:url\" content=\"https:\/\/www.spky.fi\/wopr\/spky-vuosikokous-23-2-2019-kaarinassa\/\" \/>\n<meta property=\"og:site_name\" content=\"Suomen Paimenkoirayhdistys ry\" \/>\n<meta property=\"article:publisher\" content=\"https:\/\/www.facebook.com\/SuomenPaimenkoirayhdistys\" \/>\n<meta property=\"article:published_time\" content=\"2019-01-04T19:46:04+00:00\" \/>\n<meta property=\"article:modified_time\" content=\"2019-02-07T18:25:41+00:00\" \/>\n<meta name=\"author\" content=\"Maarit Ky\u00f6stil\u00e4\" \/>\n<meta name=\"twitter:card\" content=\"summary_large_image\" \/>\n<meta name=\"twitter:label1\" content=\"Kirjoittanut\" \/>\n\t<meta name=\"twitter:data1\" content=\"Maarit Ky\u00f6stil\u00e4\" \/>\n<script type=\"application\/ld+json\" class=\"yoast-schema-graph\">{\"@context\":\"https:\\\/\\\/schema.org\",\"@graph\":[{\"@type\":\"Article\",\"@id\":\"https:\\\/\\\/www.spky.fi\\\/wopr\\\/spky-vuosikokous-23-2-2019-kaarinassa\\\/#article\",\"isPartOf\":{\"@id\":\"https:\\\/\\\/www.spky.fi\\\/wopr\\\/spky-vuosikokous-23-2-2019-kaarinassa\\\/\"},\"author\":{\"name\":\"Maarit Ky\u00f6stil\u00e4\",\"@id\":\"https:\\\/\\\/www.spky.fi\\\/wopr\\\/#\\\/schema\\\/person\\\/d0b626688c21187b8422cadfb94df844\"},\"headline\":\"SPKY vuosikokous 23.2.2019 Kaarinassa\",\"datePublished\":\"2019-01-04T19:46:04+00:00\",\"dateModified\":\"2019-02-07T18:25:41+00:00\",\"mainEntityOfPage\":{\"@id\":\"https:\\\/\\\/www.spky.fi\\\/wopr\\\/spky-vuosikokous-23-2-2019-kaarinassa\\\/\"},\"wordCount\":52,\"commentCount\":0,\"publisher\":{\"@id\":\"https:\\\/\\\/www.spky.fi\\\/wopr\\\/#organization\"},\"articleSection\":[\"Uncategorized\"],\"inLanguage\":\"fi\",\"potentialAction\":[{\"@type\":\"CommentAction\",\"name\":\"Comment\",\"target\":[\"https:\\\/\\\/www.spky.fi\\\/wopr\\\/spky-vuosikokous-23-2-2019-kaarinassa\\\/#respond\"]}]},{\"@type\":\"WebPage\",\"@id\":\"https:\\\/\\\/www.spky.fi\\\/wopr\\\/spky-vuosikokous-23-2-2019-kaarinassa\\\/\",\"url\":\"https:\\\/\\\/www.spky.fi\\\/wopr\\\/spky-vuosikokous-23-2-2019-kaarinassa\\\/\",\"name\":\"SPKY vuosikokous 23.2.2019 Kaarinassa - Suomen Paimenkoirayhdistys ry\",\"isPartOf\":{\"@id\":\"https:\\\/\\\/www.spky.fi\\\/wopr\\\/#website\"},\"datePublished\":\"2019-01-04T19:46:04+00:00\",\"dateModified\":\"2019-02-07T18:25:41+00:00\",\"breadcrumb\":{\"@id\":\"https:\\\/\\\/www.spky.fi\\\/wopr\\\/spky-vuosikokous-23-2-2019-kaarinassa\\\/#breadcrumb\"},\"inLanguage\":\"fi\",\"potentialAction\":[{\"@type\":\"ReadAction\",\"target\":[\"https:\\\/\\\/www.spky.fi\\\/wopr\\\/spky-vuosikokous-23-2-2019-kaarinassa\\\/\"]}]},{\"@type\":\"BreadcrumbList\",\"@id\":\"https:\\\/\\\/www.spky.fi\\\/wopr\\\/spky-vuosikokous-23-2-2019-kaarinassa\\\/#breadcrumb\",\"itemListElement\":[{\"@type\":\"ListItem\",\"position\":1,\"name\":\"Etusivu\",\"item\":\"https:\\\/\\\/www.spky.fi\\\/wopr\\\/\"},{\"@type\":\"ListItem\",\"position\":2,\"name\":\"SPKY vuosikokous 23.2.2019 Kaarinassa\"}]},{\"@type\":\"WebSite\",\"@id\":\"https:\\\/\\\/www.spky.fi\\\/wopr\\\/#website\",\"url\":\"https:\\\/\\\/www.spky.fi\\\/wopr\\\/\",\"name\":\"Suomen Paimenkoirayhdistys ry\",\"description\":\"Suomen Paimenkoirayhdistys edist&auml;&auml; paimenkoirien ty&ouml;k&auml;ytt&ouml;&auml;. Yhdistys auttaa paimenkoirakurssien, harjoitusten, kilpailujen ja n&auml;yt&ouml;sten j&auml;rjest&auml;misess&auml;.\",\"publisher\":{\"@id\":\"https:\\\/\\\/www.spky.fi\\\/wopr\\\/#organization\"},\"potentialAction\":[{\"@type\":\"SearchAction\",\"target\":{\"@type\":\"EntryPoint\",\"urlTemplate\":\"https:\\\/\\\/www.spky.fi\\\/wopr\\\/?s={search_term_string}\"},\"query-input\":{\"@type\":\"PropertyValueSpecification\",\"valueRequired\":true,\"valueName\":\"search_term_string\"}}],\"inLanguage\":\"fi\"},{\"@type\":\"Organization\",\"@id\":\"https:\\\/\\\/www.spky.fi\\\/wopr\\\/#organization\",\"name\":\"Suomen Paimenkoirayhdistys ry\",\"url\":\"https:\\\/\\\/www.spky.fi\\\/wopr\\\/\",\"logo\":{\"@type\":\"ImageObject\",\"inLanguage\":\"fi\",\"@id\":\"https:\\\/\\\/www.spky.fi\\\/wopr\\\/#\\\/schema\\\/logo\\\/image\\\/\",\"url\":\"https:\\\/\\\/www.spky.fi\\\/wopr\\\/wp-content\\\/uploads\\\/2024\\\/06\\\/SPKY_MUVA_PNG.png\",\"contentUrl\":\"https:\\\/\\\/www.spky.fi\\\/wopr\\\/wp-content\\\/uploads\\\/2024\\\/06\\\/SPKY_MUVA_PNG.png\",\"width\":3201,\"height\":3126,\"caption\":\"Suomen Paimenkoirayhdistys ry\"},\"image\":{\"@id\":\"https:\\\/\\\/www.spky.fi\\\/wopr\\\/#\\\/schema\\\/logo\\\/image\\\/\"},\"sameAs\":[\"https:\\\/\\\/www.facebook.com\\\/SuomenPaimenkoirayhdistys\"]},{\"@type\":\"Person\",\"@id\":\"https:\\\/\\\/www.spky.fi\\\/wopr\\\/#\\\/schema\\\/person\\\/d0b626688c21187b8422cadfb94df844\",\"name\":\"Maarit Ky\u00f6stil\u00e4\",\"image\":{\"@type\":\"ImageObject\",\"inLanguage\":\"fi\",\"@id\":\"https:\\\/\\\/secure.gravatar.com\\\/avatar\\\/abc091421fe05d2282e88d28368bc4c4dbf4dbaee74d9958fd1f71a73d26eb98?s=96&d=mm&r=g\",\"url\":\"https:\\\/\\\/secure.gravatar.com\\\/avatar\\\/abc091421fe05d2282e88d28368bc4c4dbf4dbaee74d9958fd1f71a73d26eb98?s=96&d=mm&r=g\",\"contentUrl\":\"https:\\\/\\\/secure.gravatar.com\\\/avatar\\\/abc091421fe05d2282e88d28368bc4c4dbf4dbaee74d9958fd1f71a73d26eb98?s=96&d=mm&r=g\",\"caption\":\"Maarit Ky\u00f6stil\u00e4\"},\"url\":\"https:\\\/\\\/www.spky.fi\\\/wopr\\\/author\\\/mk\\\/\"}]}<\/script>\n<!-- \/ Yoast SEO plugin. -->","yoast_head_json":{"title":"SPKY vuosikokous 23.2.2019 Kaarinassa - Suomen Paimenkoirayhdistys ry","robots":{"index":"index","follow":"follow","max-snippet":"max-snippet:-1","max-image-preview":"max-image-preview:large","max-video-preview":"max-video-preview:-1"},"canonical":"https:\/\/www.spky.fi\/wopr\/spky-vuosikokous-23-2-2019-kaarinassa\/","og_locale":"fi_FI","og_type":"article","og_title":"SPKY vuosikokous 23.2.2019 Kaarinassa - Suomen Paimenkoirayhdistys ry","og_description":"Tervetuloa kaikki j\u00e4senet Suomen Paimenkoirayhdistyksen vuosikokoukseen lauantaina 23.2.2019 Tuorlan majataloon (Tuorlantie 1 E, 21500 Kaarina). Aloitamme lounaalla klo 13 ja vuosikokous alkaa klo 14. Lounas omakustanteinen 15\u20ac\/hl\u00f6. Mahdollisuus y\u00f6pymiseen majatalon soluhuoneistoissa 34 \u20ac\/y\u00f6 2hh sis. liinavaatteet ja aamupalan. Lis\u00e4tietoa tammikuun j\u00e4senkirjeess\u00e4. Ilmoittautumiset 13.2. 2019 menness\u00e4 Helena Pesoselle helemapesonen@gmail.com tai 040-7602735. Tervetuloa!","og_url":"https:\/\/www.spky.fi\/wopr\/spky-vuosikokous-23-2-2019-kaarinassa\/","og_site_name":"Suomen Paimenkoirayhdistys ry","article_publisher":"https:\/\/www.facebook.com\/SuomenPaimenkoirayhdistys","article_published_time":"2019-01-04T19:46:04+00:00","article_modified_time":"2019-02-07T18:25:41+00:00","author":"Maarit Ky\u00f6stil\u00e4","twitter_card":"summary_large_image","twitter_misc":{"Kirjoittanut":"Maarit Ky\u00f6stil\u00e4"},"schema":{"@context":"https:\/\/schema.org","@graph":[{"@type":"Article","@id":"https:\/\/www.spky.fi\/wopr\/spky-vuosikokous-23-2-2019-kaarinassa\/#article","isPartOf":{"@id":"https:\/\/www.spky.fi\/wopr\/spky-vuosikokous-23-2-2019-kaarinassa\/"},"author":{"name":"Maarit Ky\u00f6stil\u00e4","@id":"https:\/\/www.spky.fi\/wopr\/#\/schema\/person\/d0b626688c21187b8422cadfb94df844"},"headline":"SPKY vuosikokous 23.2.2019 Kaarinassa","datePublished":"2019-01-04T19:46:04+00:00","dateModified":"2019-02-07T18:25:41+00:00","mainEntityOfPage":{"@id":"https:\/\/www.spky.fi\/wopr\/spky-vuosikokous-23-2-2019-kaarinassa\/"},"wordCount":52,"commentCount":0,"publisher":{"@id":"https:\/\/www.spky.fi\/wopr\/#organization"},"articleSection":["Uncategorized"],"inLanguage":"fi","potentialAction":[{"@type":"CommentAction","name":"Comment","target":["https:\/\/www.spky.fi\/wopr\/spky-vuosikokous-23-2-2019-kaarinassa\/#respond"]}]},{"@type":"WebPage","@id":"https:\/\/www.spky.fi\/wopr\/spky-vuosikokous-23-2-2019-kaarinassa\/","url":"https:\/\/www.spky.fi\/wopr\/spky-vuosikokous-23-2-2019-kaarinassa\/","name":"SPKY vuosikokous 23.2.2019 Kaarinassa - Suomen Paimenkoirayhdistys ry","isPartOf":{"@id":"https:\/\/www.spky.fi\/wopr\/#website"},"datePublished":"2019-01-04T19:46:04+00:00","dateModified":"2019-02-07T18:25:41+00:00","breadcrumb":{"@id":"https:\/\/www.spky.fi\/wopr\/spky-vuosikokous-23-2-2019-kaarinassa\/#breadcrumb"},"inLanguage":"fi","potentialAction":[{"@type":"ReadAction","target":["https:\/\/www.spky.fi\/wopr\/spky-vuosikokous-23-2-2019-kaarinassa\/"]}]},{"@type":"BreadcrumbList","@id":"https:\/\/www.spky.fi\/wopr\/spky-vuosikokous-23-2-2019-kaarinassa\/#breadcrumb","itemListElement":[{"@type":"ListItem","position":1,"name":"Etusivu","item":"https:\/\/www.spky.fi\/wopr\/"},{"@type":"ListItem","position":2,"name":"SPKY vuosikokous 23.2.2019 Kaarinassa"}]},{"@type":"WebSite","@id":"https:\/\/www.spky.fi\/wopr\/#website","url":"https:\/\/www.spky.fi\/wopr\/","name":"Suomen Paimenkoirayhdistys ry","description":"Suomen Paimenkoirayhdistys edist&auml;&auml; paimenkoirien ty&ouml;k&auml;ytt&ouml;&auml;. Yhdistys auttaa paimenkoirakurssien, harjoitusten, kilpailujen ja n&auml;yt&ouml;sten j&auml;rjest&auml;misess&auml;.","publisher":{"@id":"https:\/\/www.spky.fi\/wopr\/#organization"},"potentialAction":[{"@type":"SearchAction","target":{"@type":"EntryPoint","urlTemplate":"https:\/\/www.spky.fi\/wopr\/?s={search_term_string}"},"query-input":{"@type":"PropertyValueSpecification","valueRequired":true,"valueName":"search_term_string"}}],"inLanguage":"fi"},{"@type":"Organization","@id":"https:\/\/www.spky.fi\/wopr\/#organization","name":"Suomen Paimenkoirayhdistys ry","url":"https:\/\/www.spky.fi\/wopr\/","logo":{"@type":"ImageObject","inLanguage":"fi","@id":"https:\/\/www.spky.fi\/wopr\/#\/schema\/logo\/image\/","url":"https:\/\/www.spky.fi\/wopr\/wp-content\/uploads\/2024\/06\/SPKY_MUVA_PNG.png","contentUrl":"https:\/\/www.spky.fi\/wopr\/wp-content\/uploads\/2024\/06\/SPKY_MUVA_PNG.png","width":3201,"height":3126,"caption":"Suomen Paimenkoirayhdistys ry"},"image":{"@id":"https:\/\/www.spky.fi\/wopr\/#\/schema\/logo\/image\/"},"sameAs":["https:\/\/www.facebook.com\/SuomenPaimenkoirayhdistys"]},{"@type":"Person","@id":"https:\/\/www.spky.fi\/wopr\/#\/schema\/person\/d0b626688c21187b8422cadfb94df844","name":"Maarit Ky\u00f6stil\u00e4","image":{"@type":"ImageObject","inLanguage":"fi","@id":"https:\/\/secure.gravatar.com\/avatar\/abc091421fe05d2282e88d28368bc4c4dbf4dbaee74d9958fd1f71a73d26eb98?s=96&d=mm&r=g","url":"https:\/\/secure.gravatar.com\/avatar\/abc091421fe05d2282e88d28368bc4c4dbf4dbaee74d9958fd1f71a73d26eb98?s=96&d=mm&r=g","contentUrl":"https:\/\/secure.gravatar.com\/avatar\/abc091421fe05d2282e88d28368bc4c4dbf4dbaee74d9958fd1f71a73d26eb98?s=96&d=mm&r=g","caption":"Maarit Ky\u00f6stil\u00e4"},"url":"https:\/\/www.spky.fi\/wopr\/author\/mk\/"}]}},"jetpack_publicize_connections":[],"jetpack_featured_media_url":"","jetpack_sharing_enabled":true,"jetpack_shortlink":"https:\/\/wp.me\/paLGv4-g6","_links":{"self":[{"href":"https:\/\/www.spky.fi\/wopr\/wp-json\/wp\/v2\/posts\/998","targetHints":{"allow":["GET"]}}],"collection":[{"href":"https:\/\/www.spky.fi\/wopr\/wp-json\/wp\/v2\/posts"}],"about":[{"href":"https:\/\/www.spky.fi\/wopr\/wp-json\/wp\/v2\/types\/post"}],"author":[{"embeddable":true,"href":"https:\/\/www.spky.fi\/wopr\/wp-json\/wp\/v2\/users\/2"}],"replies":[{"embeddable":true,"href":"https:\/\/www.spky.fi\/wopr\/wp-json\/wp\/v2\/comments?post=998"}],"version-history":[{"count":3,"href":"https:\/\/www.spky.fi\/wopr\/wp-json\/wp\/v2\/posts\/998\/revisions"}],"predecessor-version":[{"id":1052,"href":"https:\/\/www.spky.fi\/wopr\/wp-json\/wp\/v2\/posts\/998\/revisions\/1052"}],"wp:attachment":[{"href":"https:\/\/www.spky.fi\/wopr\/wp-json\/wp\/v2\/media?parent=998"}],"wp:term":[{"taxonomy":"category","embeddable":true,"href":"https:\/\/www.spky.fi\/wopr\/wp-json\/wp\/v2\/categories?post=998"},{"taxonomy":"post_tag","embeddable":true,"href":"https:\/\/www.spky.fi\/wopr\/wp-json\/wp\/v2\/tags?post=998"}],"curies":[{"name":"wp","href":"https:\/\/api.w.org\/{rel}","templated":true}]}}